{"id":7417,"date":"2024-06-05T11:40:00","date_gmt":"2024-06-05T10:40:00","guid":{"rendered":"https:\/\/ciac.pt\/?p=7417"},"modified":"2024-08-27T15:27:03","modified_gmt":"2024-08-27T14:27:03","slug":"freedom-democracy-and-citizenship-talks-series-mobilities-human-rights-and-territories","status":"publish","type":"post","link":"https:\/\/ciac.pt\/en\/news\/freedom-democracy-and-citizenship-talks-series-mobilities-human-rights-and-territories\/","title":{"rendered":"Freedom, Democracy, and Citizenship Talks Series: Mobilities, Human Rights, and Territories"},"content":{"rendered":"\n<div class=\"wp-block-group alignwide\"><div class=\"wp-block-group__inner-container is-layout-constrained wp-block-group-is-layout-constrained\">\n\n\n\n\n<figure class=\"wp-block-image size-full is-resized\"><a href=\"https:\/\/ciac.pt\/wp-content\/uploads\/2024\/06\/Design-sem-nome.png\"><img decoding=\"async\" width=\"724\" height=\"1024\" data-src=\"https:\/\/ciac.pt\/wp-content\/uploads\/2024\/06\/Design-sem-nome.png\" alt=\"\" class=\"wp-image-7335 lazyload\" style=\"--smush-placeholder-width: 724px; --smush-placeholder-aspect-ratio: 724\/1024;width:auto;height:300px\" data-srcset=\"https:\/\/ciac.pt\/wp-content\/uploads\/2024\/06\/Design-sem-nome.png 724w, https:\/\/ciac.pt\/wp-content\/uploads\/2024\/06\/Design-sem-nome-212x300.png 212w\" data-sizes=\"(max-width: 724px) 100vw, 724px\" src=\"data:image\/svg+xml;base64,PHN2ZyB3aWR0aD0iMSIgaGVpZ2h0PSIxIiB4bWxucz0iaHR0cDovL3d3dy53My5vcmcvMjAwMC9zdmciPjwvc3ZnPg==\" \/><\/a><\/figure>\n\n\n<h1 class=\"wp-block-post-title\">Freedom, Democracy, and Citizenship Talks Series: Mobilities, Human Rights, and Territories<\/h1>\n\n<div class=\"wp-block-post-date has-text-color has-cyan-bluish-gray-color\"><time datetime=\"2024-06-05T11:40:00+01:00\">05\/06\/2024<\/time><\/div>\n\n\n<hr class=\"wp-block-separator has-text-color has-white-color has-alpha-channel-opacity has-white-background-color has-background\"\/>\n\n\n\n<p>The Intersectional and Urban Studies Group &#8211; RE|DE is organising the Freedom, Democracy, and Citizenship Talks Series (2024-2025). The second of six talks will take place on 19th June at 16:00 (GMT +1), focusing on Mobilities, Human Rights, and Territories. The featured speakers are Angeles Solanes Corella (University of Valencia) and Joana Pestana Lages (DIN\u00c2MIA&#8217;CET-Iscte), with moderation by Ana Miguel Regedor (CES | III &#8211; UC). Laura Serrano Mendoza (Universidad Loyola Andaluc\u00eda) will introduce the Group and the Talks Series.<\/p>\n\n\n\n<p>The Intersectional and Urban Studies Group \u2013 RE|DE is an interdisciplinary academic collaboration among researchers from various Portuguese and Spanish universities. It aims to analyse and transform urban spaces through the lens of intersectionality, working with socially vulnerable groups in both countries to co-construct a more equitable society.<\/p>\n\n\n\n<p>This Talks Series seeks to reflect on these themes in the year marking the 50th anniversary of the April 25th Revolution in Portugal and the end of the dictatorship. The talks will take place between 2024 and 2025, also celebrating the end of the dictatorship in Spain. Using memory studies as a starting point, the series aims to project a future by debating key issues in the construction of contemporary society, its challenges, and opportunities. The organisers intend to explore, through a cross-perspective, convergent or divergent interpretations of Freedom, Democracy, and Citizenship in the 21st-century Iberian Peninsula.<\/p>\n\n\n\n<p>Talk 2 &#8211; Mobilities, Human Rights, and Territories continues this series by focusing on human rights, racial and ethnic discrimination, and the social integration of immigrants and their descendants. It also addresses the urban expression of exclusion and housing precariousness. The aim is to rethink Freedom, Democracy, and Citizenship through perspectives on justice, space, and the right to the city.<\/p>\n\n\n\n<p>Members of RE|DE include: Ana Fernandes, CEAU-FAUP; Ana Miguel Regedor, CES | III &#8211; UC; Ant\u00f3nio Baena, Universidad Loyola Andaluc\u00eda; Ant\u00f3nio Fragoso, CEAD-UAlg; Ant\u00f3nio Sianes, Universidad Loyola Andaluc\u00eda; Davide Oliveira, FAUP; Francesca Vita, DIN\u00c2MIA-ISCTE, IUL; Gabriella Leite, RE | DE; Isabel Carvalho, CIAC-UAb; Jesus Delgado, Universidad Pablo de Olavide; Laura Serrano, Universidad Loyola Andaluc\u00eda; Nieves Ortega-P\u00e9rez, Universidad de Granada; Nelson Dias, Oficina; Paula Medeiros, ISEG-UL; Rocio Vela, Universidad Loyola Andaluc\u00eda; S\u00edlvia Leiria Viegas, CIAC-UAlg.<\/p>\n\n\n\n<hr class=\"wp-block-separator alignwide has-alpha-channel-opacity is-style-wide separador-mais-info\"\/>\n\n\n\n<p>This event will be held via Zoom, with no mandatory registration, but spaces are limited.<br>Access link (<a href=\"http:\/\/bit.ly\/4aC5gkC\" data-type=\"link\" data-id=\"bit.ly\/4aC5gkC\">here<\/a>).<br>The conversation will be recorded for a publicly accessible digital archive.<\/p>\n\n\n<\/div><\/div>\n","protected":false},"excerpt":{"rendered":"<p>The Intersectional and Urban Studies Group &#8211; RE|DE is organising the Freedom,<\/p>\n","protected":false},"author":3,"featured_media":7393,"comment_status":"closed","ping_status":"closed","sticky":false,"template":"","format":"standard","meta":{"_eb_attr":"","inline_featured_image":false,"advgb_blocks_editor_width":"","advgb_blocks_columns_visual_guide":"","footnotes":"","_links_to":"","_links_to_target":""},"categories":[61],"tags":[139],"class_list":["post-7417","post","type-post","status-publish","format-standard","has-post-thumbnail","hentry","category-news","tag-dissemination"],"yoast_head":"<!-- This site is optimized with the Yoast SEO plugin v27.4 - https:\/\/yoast.com\/product\/yoast-seo-wordpress\/ -->\n<title>Freedom, Democracy, and Citizenship Talks Series: Mobilities, Human Rights, and Territories - CIAC<\/title>\n<meta name=\"robots\" content=\"index, follow, max-snippet:-1, max-image-preview:large, max-video-preview:-1\" \/>\n<link rel=\"canonical\" href=\"https:\/\/ciac.pt\/en\/news\/freedom-democracy-and-citizenship-talks-series-mobilities-human-rights-and-territories\/\" \/>\n<meta property=\"og:locale\" content=\"en_US\" \/>\n<meta property=\"og:type\" content=\"article\" \/>\n<meta property=\"og:title\" content=\"Freedom, Democracy, and Citizenship Talks Series: Mobilities, Human Rights, and Territories - CIAC\" \/>\n<meta property=\"og:description\" content=\"The Intersectional and Urban Studies Group &#8211; RE|DE is organising the Freedom,\" \/>\n<meta property=\"og:url\" content=\"https:\/\/ciac.pt\/en\/news\/freedom-democracy-and-citizenship-talks-series-mobilities-human-rights-and-territories\/\" \/>\n<meta property=\"og:site_name\" content=\"CIAC\" \/>\n<meta property=\"article:published_time\" content=\"2024-06-05T10:40:00+00:00\" \/>\n<meta property=\"article:modified_time\" content=\"2024-08-27T14:27:03+00:00\" \/>\n<meta property=\"og:image\" content=\"https:\/\/ciac.pt\/wp-content\/uploads\/2024\/06\/ciclo-de-conversas-2.jpg\" \/>\n\t<meta property=\"og:image:width\" content=\"1620\" \/>\n\t<meta property=\"og:image:height\" content=\"1215\" \/>\n\t<meta property=\"og:image:type\" content=\"image\/jpeg\" \/>\n<meta name=\"author\" content=\"editor1\" \/>\n<meta name=\"twitter:card\" content=\"summary_large_image\" \/>\n<meta name=\"twitter:label1\" content=\"Written by\" \/>\n\t<meta name=\"twitter:data1\" content=\"editor1\" \/>\n\t<meta name=\"twitter:label2\" content=\"Est. reading time\" \/>\n\t<meta name=\"twitter:data2\" content=\"2 minutes\" \/>\n<script type=\"application\/ld+json\" class=\"yoast-schema-graph\">{\"@context\":\"https:\\\/\\\/schema.org\",\"@graph\":[{\"@type\":\"Article\",\"@id\":\"https:\\\/\\\/ciac.pt\\\/en\\\/news\\\/freedom-democracy-and-citizenship-talks-series-mobilities-human-rights-and-territories\\\/#article\",\"isPartOf\":{\"@id\":\"https:\\\/\\\/ciac.pt\\\/en\\\/news\\\/freedom-democracy-and-citizenship-talks-series-mobilities-human-rights-and-territories\\\/\"},\"author\":{\"name\":\"editor1\",\"@id\":\"https:\\\/\\\/ciac.pt\\\/en\\\/#\\\/schema\\\/person\\\/3def46b976d3f4c0cdcf7c417cb570be\"},\"headline\":\"Freedom, Democracy, and Citizenship Talks Series: Mobilities, Human Rights, and Territories\",\"datePublished\":\"2024-06-05T10:40:00+00:00\",\"dateModified\":\"2024-08-27T14:27:03+00:00\",\"mainEntityOfPage\":{\"@id\":\"https:\\\/\\\/ciac.pt\\\/en\\\/news\\\/freedom-democracy-and-citizenship-talks-series-mobilities-human-rights-and-territories\\\/\"},\"wordCount\":408,\"publisher\":{\"@id\":\"https:\\\/\\\/ciac.pt\\\/en\\\/#organization\"},\"image\":{\"@id\":\"https:\\\/\\\/ciac.pt\\\/en\\\/news\\\/freedom-democracy-and-citizenship-talks-series-mobilities-human-rights-and-territories\\\/#primaryimage\"},\"thumbnailUrl\":\"https:\\\/\\\/ciac.pt\\\/wp-content\\\/uploads\\\/2024\\\/06\\\/ciclo-de-conversas-2.jpg\",\"keywords\":[\"Dissemination\"],\"articleSection\":[\"News\"],\"inLanguage\":\"en-US\"},{\"@type\":\"WebPage\",\"@id\":\"https:\\\/\\\/ciac.pt\\\/en\\\/news\\\/freedom-democracy-and-citizenship-talks-series-mobilities-human-rights-and-territories\\\/\",\"url\":\"https:\\\/\\\/ciac.pt\\\/en\\\/news\\\/freedom-democracy-and-citizenship-talks-series-mobilities-human-rights-and-territories\\\/\",\"name\":\"Freedom, Democracy, and Citizenship Talks Series: Mobilities, Human Rights, and Territories - CIAC\",\"isPartOf\":{\"@id\":\"https:\\\/\\\/ciac.pt\\\/en\\\/#website\"},\"primaryImageOfPage\":{\"@id\":\"https:\\\/\\\/ciac.pt\\\/en\\\/news\\\/freedom-democracy-and-citizenship-talks-series-mobilities-human-rights-and-territories\\\/#primaryimage\"},\"image\":{\"@id\":\"https:\\\/\\\/ciac.pt\\\/en\\\/news\\\/freedom-democracy-and-citizenship-talks-series-mobilities-human-rights-and-territories\\\/#primaryimage\"},\"thumbnailUrl\":\"https:\\\/\\\/ciac.pt\\\/wp-content\\\/uploads\\\/2024\\\/06\\\/ciclo-de-conversas-2.jpg\",\"datePublished\":\"2024-06-05T10:40:00+00:00\",\"dateModified\":\"2024-08-27T14:27:03+00:00\",\"breadcrumb\":{\"@id\":\"https:\\\/\\\/ciac.pt\\\/en\\\/news\\\/freedom-democracy-and-citizenship-talks-series-mobilities-human-rights-and-territories\\\/#breadcrumb\"},\"inLanguage\":\"en-US\",\"potentialAction\":[{\"@type\":\"ReadAction\",\"target\":[\"https:\\\/\\\/ciac.pt\\\/en\\\/news\\\/freedom-democracy-and-citizenship-talks-series-mobilities-human-rights-and-territories\\\/\"]}]},{\"@type\":\"ImageObject\",\"inLanguage\":\"en-US\",\"@id\":\"https:\\\/\\\/ciac.pt\\\/en\\\/news\\\/freedom-democracy-and-citizenship-talks-series-mobilities-human-rights-and-territories\\\/#primaryimage\",\"url\":\"https:\\\/\\\/ciac.pt\\\/wp-content\\\/uploads\\\/2024\\\/06\\\/ciclo-de-conversas-2.jpg\",\"contentUrl\":\"https:\\\/\\\/ciac.pt\\\/wp-content\\\/uploads\\\/2024\\\/06\\\/ciclo-de-conversas-2.jpg\",\"width\":1620,\"height\":1215},{\"@type\":\"BreadcrumbList\",\"@id\":\"https:\\\/\\\/ciac.pt\\\/en\\\/news\\\/freedom-democracy-and-citizenship-talks-series-mobilities-human-rights-and-territories\\\/#breadcrumb\",\"itemListElement\":[{\"@type\":\"ListItem\",\"position\":1,\"name\":\"In\u00edcio\",\"item\":\"https:\\\/\\\/ciac.pt\\\/en\\\/\"},{\"@type\":\"ListItem\",\"position\":2,\"name\":\"Freedom, Democracy, and Citizenship Talks Series: Mobilities, Human Rights, and Territories\"}]},{\"@type\":\"WebSite\",\"@id\":\"https:\\\/\\\/ciac.pt\\\/en\\\/#website\",\"url\":\"https:\\\/\\\/ciac.pt\\\/en\\\/\",\"name\":\"CIAC\",\"description\":\"Centro de Investiga\u00e7\u00e3o em Artes e Comunica\u00e7\u00e3o\",\"publisher\":{\"@id\":\"https:\\\/\\\/ciac.pt\\\/en\\\/#organization\"},\"potentialAction\":[{\"@type\":\"SearchAction\",\"target\":{\"@type\":\"EntryPoint\",\"urlTemplate\":\"https:\\\/\\\/ciac.pt\\\/en\\\/?s={search_term_string}\"},\"query-input\":{\"@type\":\"PropertyValueSpecification\",\"valueRequired\":true,\"valueName\":\"search_term_string\"}}],\"inLanguage\":\"en-US\"},{\"@type\":\"Organization\",\"@id\":\"https:\\\/\\\/ciac.pt\\\/en\\\/#organization\",\"name\":\"CIAC\",\"url\":\"https:\\\/\\\/ciac.pt\\\/en\\\/\",\"logo\":{\"@type\":\"ImageObject\",\"inLanguage\":\"en-US\",\"@id\":\"https:\\\/\\\/ciac.pt\\\/en\\\/#\\\/schema\\\/logo\\\/image\\\/\",\"url\":\"https:\\\/\\\/ciac.pt\\\/wp-content\\\/uploads\\\/2022\\\/06\\\/logo.svg\",\"contentUrl\":\"https:\\\/\\\/ciac.pt\\\/wp-content\\\/uploads\\\/2022\\\/06\\\/logo.svg\",\"width\":184,\"height\":51,\"caption\":\"CIAC\"},\"image\":{\"@id\":\"https:\\\/\\\/ciac.pt\\\/en\\\/#\\\/schema\\\/logo\\\/image\\\/\"}},{\"@type\":\"Person\",\"@id\":\"https:\\\/\\\/ciac.pt\\\/en\\\/#\\\/schema\\\/person\\\/3def46b976d3f4c0cdcf7c417cb570be\",\"name\":\"editor1\",\"image\":{\"@type\":\"ImageObject\",\"inLanguage\":\"en-US\",\"@id\":\"https:\\\/\\\/secure.gravatar.com\\\/avatar\\\/4d8eb3157f61df03731fd8bf031b56d1d9241759e8f8c07d4d7e51d2f858c821?s=96&d=mm&r=g\",\"url\":\"https:\\\/\\\/secure.gravatar.com\\\/avatar\\\/4d8eb3157f61df03731fd8bf031b56d1d9241759e8f8c07d4d7e51d2f858c821?s=96&d=mm&r=g\",\"contentUrl\":\"https:\\\/\\\/secure.gravatar.com\\\/avatar\\\/4d8eb3157f61df03731fd8bf031b56d1d9241759e8f8c07d4d7e51d2f858c821?s=96&d=mm&r=g\",\"caption\":\"editor1\"},\"url\":\"https:\\\/\\\/ciac.pt\\\/en\\\/author\\\/editor1\\\/\"}]}<\/script>\n<!-- \/ Yoast SEO plugin. -->","yoast_head_json":{"title":"Freedom, Democracy, and Citizenship Talks Series: Mobilities, Human Rights, and Territories - CIAC","robots":{"index":"index","follow":"follow","max-snippet":"max-snippet:-1","max-image-preview":"max-image-preview:large","max-video-preview":"max-video-preview:-1"},"canonical":"https:\/\/ciac.pt\/en\/news\/freedom-democracy-and-citizenship-talks-series-mobilities-human-rights-and-territories\/","og_locale":"en_US","og_type":"article","og_title":"Freedom, Democracy, and Citizenship Talks Series: Mobilities, Human Rights, and Territories - CIAC","og_description":"The Intersectional and Urban Studies Group &#8211; RE|DE is organising the Freedom,","og_url":"https:\/\/ciac.pt\/en\/news\/freedom-democracy-and-citizenship-talks-series-mobilities-human-rights-and-territories\/","og_site_name":"CIAC","article_published_time":"2024-06-05T10:40:00+00:00","article_modified_time":"2024-08-27T14:27:03+00:00","og_image":[{"width":1620,"height":1215,"url":"https:\/\/ciac.pt\/wp-content\/uploads\/2024\/06\/ciclo-de-conversas-2.jpg","type":"image\/jpeg"}],"author":"editor1","twitter_card":"summary_large_image","twitter_misc":{"Written by":"editor1","Est. reading time":"2 minutes"},"schema":{"@context":"https:\/\/schema.org","@graph":[{"@type":"Article","@id":"https:\/\/ciac.pt\/en\/news\/freedom-democracy-and-citizenship-talks-series-mobilities-human-rights-and-territories\/#article","isPartOf":{"@id":"https:\/\/ciac.pt\/en\/news\/freedom-democracy-and-citizenship-talks-series-mobilities-human-rights-and-territories\/"},"author":{"name":"editor1","@id":"https:\/\/ciac.pt\/en\/#\/schema\/person\/3def46b976d3f4c0cdcf7c417cb570be"},"headline":"Freedom, Democracy, and Citizenship Talks Series: Mobilities, Human Rights, and Territories","datePublished":"2024-06-05T10:40:00+00:00","dateModified":"2024-08-27T14:27:03+00:00","mainEntityOfPage":{"@id":"https:\/\/ciac.pt\/en\/news\/freedom-democracy-and-citizenship-talks-series-mobilities-human-rights-and-territories\/"},"wordCount":408,"publisher":{"@id":"https:\/\/ciac.pt\/en\/#organization"},"image":{"@id":"https:\/\/ciac.pt\/en\/news\/freedom-democracy-and-citizenship-talks-series-mobilities-human-rights-and-territories\/#primaryimage"},"thumbnailUrl":"https:\/\/ciac.pt\/wp-content\/uploads\/2024\/06\/ciclo-de-conversas-2.jpg","keywords":["Dissemination"],"articleSection":["News"],"inLanguage":"en-US"},{"@type":"WebPage","@id":"https:\/\/ciac.pt\/en\/news\/freedom-democracy-and-citizenship-talks-series-mobilities-human-rights-and-territories\/","url":"https:\/\/ciac.pt\/en\/news\/freedom-democracy-and-citizenship-talks-series-mobilities-human-rights-and-territories\/","name":"Freedom, Democracy, and Citizenship Talks Series: Mobilities, Human Rights, and Territories - CIAC","isPartOf":{"@id":"https:\/\/ciac.pt\/en\/#website"},"primaryImageOfPage":{"@id":"https:\/\/ciac.pt\/en\/news\/freedom-democracy-and-citizenship-talks-series-mobilities-human-rights-and-territories\/#primaryimage"},"image":{"@id":"https:\/\/ciac.pt\/en\/news\/freedom-democracy-and-citizenship-talks-series-mobilities-human-rights-and-territories\/#primaryimage"},"thumbnailUrl":"https:\/\/ciac.pt\/wp-content\/uploads\/2024\/06\/ciclo-de-conversas-2.jpg","datePublished":"2024-06-05T10:40:00+00:00","dateModified":"2024-08-27T14:27:03+00:00","breadcrumb":{"@id":"https:\/\/ciac.pt\/en\/news\/freedom-democracy-and-citizenship-talks-series-mobilities-human-rights-and-territories\/#breadcrumb"},"inLanguage":"en-US","potentialAction":[{"@type":"ReadAction","target":["https:\/\/ciac.pt\/en\/news\/freedom-democracy-and-citizenship-talks-series-mobilities-human-rights-and-territories\/"]}]},{"@type":"ImageObject","inLanguage":"en-US","@id":"https:\/\/ciac.pt\/en\/news\/freedom-democracy-and-citizenship-talks-series-mobilities-human-rights-and-territories\/#primaryimage","url":"https:\/\/ciac.pt\/wp-content\/uploads\/2024\/06\/ciclo-de-conversas-2.jpg","contentUrl":"https:\/\/ciac.pt\/wp-content\/uploads\/2024\/06\/ciclo-de-conversas-2.jpg","width":1620,"height":1215},{"@type":"BreadcrumbList","@id":"https:\/\/ciac.pt\/en\/news\/freedom-democracy-and-citizenship-talks-series-mobilities-human-rights-and-territories\/#breadcrumb","itemListElement":[{"@type":"ListItem","position":1,"name":"In\u00edcio","item":"https:\/\/ciac.pt\/en\/"},{"@type":"ListItem","position":2,"name":"Freedom, Democracy, and Citizenship Talks Series: Mobilities, Human Rights, and Territories"}]},{"@type":"WebSite","@id":"https:\/\/ciac.pt\/en\/#website","url":"https:\/\/ciac.pt\/en\/","name":"CIAC","description":"Centro de Investiga\u00e7\u00e3o em Artes e Comunica\u00e7\u00e3o","publisher":{"@id":"https:\/\/ciac.pt\/en\/#organization"},"potentialAction":[{"@type":"SearchAction","target":{"@type":"EntryPoint","urlTemplate":"https:\/\/ciac.pt\/en\/?s={search_term_string}"},"query-input":{"@type":"PropertyValueSpecification","valueRequired":true,"valueName":"search_term_string"}}],"inLanguage":"en-US"},{"@type":"Organization","@id":"https:\/\/ciac.pt\/en\/#organization","name":"CIAC","url":"https:\/\/ciac.pt\/en\/","logo":{"@type":"ImageObject","inLanguage":"en-US","@id":"https:\/\/ciac.pt\/en\/#\/schema\/logo\/image\/","url":"https:\/\/ciac.pt\/wp-content\/uploads\/2022\/06\/logo.svg","contentUrl":"https:\/\/ciac.pt\/wp-content\/uploads\/2022\/06\/logo.svg","width":184,"height":51,"caption":"CIAC"},"image":{"@id":"https:\/\/ciac.pt\/en\/#\/schema\/logo\/image\/"}},{"@type":"Person","@id":"https:\/\/ciac.pt\/en\/#\/schema\/person\/3def46b976d3f4c0cdcf7c417cb570be","name":"editor1","image":{"@type":"ImageObject","inLanguage":"en-US","@id":"https:\/\/secure.gravatar.com\/avatar\/4d8eb3157f61df03731fd8bf031b56d1d9241759e8f8c07d4d7e51d2f858c821?s=96&d=mm&r=g","url":"https:\/\/secure.gravatar.com\/avatar\/4d8eb3157f61df03731fd8bf031b56d1d9241759e8f8c07d4d7e51d2f858c821?s=96&d=mm&r=g","contentUrl":"https:\/\/secure.gravatar.com\/avatar\/4d8eb3157f61df03731fd8bf031b56d1d9241759e8f8c07d4d7e51d2f858c821?s=96&d=mm&r=g","caption":"editor1"},"url":"https:\/\/ciac.pt\/en\/author\/editor1\/"}]}},"author_meta":{"display_name":"editor1","author_link":"https:\/\/ciac.pt\/en\/author\/editor1\/"},"featured_img":"https:\/\/ciac.pt\/wp-content\/uploads\/2024\/06\/ciclo-de-conversas-2-300x225.jpg","coauthors":[],"tax_additional":{"categories":{"linked":["<a href=\"https:\/\/ciac.pt\/en\/.\/news\/\" class=\"advgb-post-tax-term\">News<\/a>"],"unlinked":["<span class=\"advgb-post-tax-term\">News<\/span>"]},"tags":{"linked":["<a href=\"https:\/\/ciac.pt\/en\/.\/news\/\" class=\"advgb-post-tax-term\">Dissemination<\/a>"],"unlinked":["<span class=\"advgb-post-tax-term\">Dissemination<\/span>"]}},"comment_count":0,"relative_dates":{"created":"Posted 2 years ago","modified":"Updated 2 years ago"},"absolute_dates":{"created":"Posted on 05\/06\/2024","modified":"Updated on 27\/08\/2024"},"absolute_dates_time":{"created":"Posted on 05\/06\/2024 11:40","modified":"Updated on 27\/08\/2024 15:27"},"featured_img_caption":"","series_order":"","_links":{"self":[{"href":"https:\/\/ciac.pt\/en\/wp-json\/wp\/v2\/posts\/7417","targetHints":{"allow":["GET"]}}],"collection":[{"href":"https:\/\/ciac.pt\/en\/wp-json\/wp\/v2\/posts"}],"about":[{"href":"https:\/\/ciac.pt\/en\/wp-json\/wp\/v2\/types\/post"}],"author":[{"embeddable":true,"href":"https:\/\/ciac.pt\/en\/wp-json\/wp\/v2\/users\/3"}],"replies":[{"embeddable":true,"href":"https:\/\/ciac.pt\/en\/wp-json\/wp\/v2\/comments?post=7417"}],"version-history":[{"count":1,"href":"https:\/\/ciac.pt\/en\/wp-json\/wp\/v2\/posts\/7417\/revisions"}],"predecessor-version":[{"id":7428,"href":"https:\/\/ciac.pt\/en\/wp-json\/wp\/v2\/posts\/7417\/revisions\/7428"}],"wp:featuredmedia":[{"embeddable":true,"href":"https:\/\/ciac.pt\/en\/wp-json\/wp\/v2\/media\/7393"}],"wp:attachment":[{"href":"https:\/\/ciac.pt\/en\/wp-json\/wp\/v2\/media?parent=7417"}],"wp:term":[{"taxonomy":"category","embeddable":true,"href":"https:\/\/ciac.pt\/en\/wp-json\/wp\/v2\/categories?post=7417"},{"taxonomy":"post_tag","embeddable":true,"href":"https:\/\/ciac.pt\/en\/wp-json\/wp\/v2\/tags?post=7417"}],"curies":[{"name":"wp","href":"https:\/\/api.w.org\/{rel}","templated":true}]}}