{"id":7802,"date":"2024-06-21T11:29:00","date_gmt":"2024-06-21T10:29:00","guid":{"rendered":"https:\/\/ciac.pt\/?p=7802"},"modified":"2024-08-27T15:27:01","modified_gmt":"2024-08-27T14:27:01","slug":"props-project-will-be-presented-at-the-international-media-literacy-research-symposium","status":"publish","type":"post","link":"https:\/\/ciac.pt\/en\/news\/props-project-will-be-presented-at-the-international-media-literacy-research-symposium\/","title":{"rendered":"PROPS project will be presented at the International Media Literacy Research Symposium"},"content":{"rendered":"\n<div class=\"wp-block-group alignwide\"><div class=\"wp-block-group__inner-container is-layout-constrained wp-block-group-is-layout-constrained\">\n\n\n\n\n<figure class=\"wp-block-image size-large is-resized\"><a href=\"https:\/\/ciac.pt\/wp-content\/uploads\/2024\/06\/imagem-1.jpg\"><img decoding=\"async\" width=\"1024\" height=\"768\" data-src=\"https:\/\/ciac.pt\/wp-content\/uploads\/2024\/06\/imagem-1-1024x768.jpg\" alt=\"\" class=\"wp-image-7798 lazyload\" style=\"--smush-placeholder-width: 1024px; --smush-placeholder-aspect-ratio: 1024\/768;width:auto;height:300px\" data-srcset=\"https:\/\/ciac.pt\/wp-content\/uploads\/2024\/06\/imagem-1-1024x768.jpg 1024w, https:\/\/ciac.pt\/wp-content\/uploads\/2024\/06\/imagem-1-300x225.jpg 300w, https:\/\/ciac.pt\/wp-content\/uploads\/2024\/06\/imagem-1-768x576.jpg 768w, https:\/\/ciac.pt\/wp-content\/uploads\/2024\/06\/imagem-1-1536x1152.jpg 1536w, https:\/\/ciac.pt\/wp-content\/uploads\/2024\/06\/imagem-1.jpg 1620w\" data-sizes=\"(max-width: 1024px) 100vw, 1024px\" src=\"data:image\/svg+xml;base64,PHN2ZyB3aWR0aD0iMSIgaGVpZ2h0PSIxIiB4bWxucz0iaHR0cDovL3d3dy53My5vcmcvMjAwMC9zdmciPjwvc3ZnPg==\" \/><\/a><\/figure>\n\n\n<h1 class=\"wp-block-post-title\">PROPS project will be presented at the International Media Literacy Research Symposium<\/h1>\n\n<div class=\"wp-block-post-date has-text-color has-cyan-bluish-gray-color\"><time datetime=\"2024-06-21T11:29:00+01:00\">21\/06\/2024<\/time><\/div>\n\n\n<hr class=\"wp-block-separator has-text-color has-white-color has-alpha-channel-opacity has-white-background-color has-background\"\/>\n\n\n\n<p>The <em><a href=\"https:\/\/props.ciac.pt\/\" data-type=\"link\" data-id=\"https:\/\/props.ciac.pt\/\">PROPS project \u2013 Interactive Narratives Proposing Pluralistic Discourse<\/a><\/em> will be represented by a team of CIAC researchers at the 5th International Media Literacy Research Symposium (IMLRS), taking place from June 27-28 on the island of S\u00e3o Miguel, Azores.<\/p>\n\n\n\n<p>Bruno Mendes da Silva, Ana Filipa Martins, Mirian Tavares, Susana Costa, Beatriz Valente, Patr\u00edcia Dourado, and Alexandre Martins will be present at the conference in a panel dedicated exclusively to presenting this project and CIAC\u2019s activities. This panel will discuss topics such as the study and data collection through surveys and focus groups on online hate speech, the six interactive narratives that will be available as pedagogical tools to reflect on this social phenomenon, and the creation processes within media literacy.<\/p>\n\n\n\n<p>This conference comes just days before the <em><a href=\"https:\/\/ciac.pt\/noticias\/save-the-date-encontro-props-diversidade-digital-tolerancia-e-inclusao-online\/\" data-type=\"link\" data-id=\"https:\/\/ciac.pt\/noticias\/save-the-date-encontro-props-diversidade-digital-tolerancia-e-inclusao-online\/\">PROPS Meeting: Digital Diversity, Tolerance, and Online Inclusion<\/a><\/em>, which will be held on July 4 at the University of Algarve. These two events mark the final phase of this project, which aimed to develop media education research, raising awareness and providing primary and secondary school teachers and students with educational resources to prevent online hate speech.<\/p>\n\n\n\n<p>In addition to this project, CIAC researcher Gabriela Borges will present at IMLRS with her talk, &#8220;Critical and creative strategies in the representation of minority groups in the slash fictions of the Brazilian series As Five.&#8221;<\/p>\n\n\n\n<p>Founded in 2013, the International Media Literacy Research Symposium is a global initiative that aims to bring together researchers from all areas studying media literacy education.<\/p>\n\n\n\n<p>More information about the event (<a href=\"https:\/\/www.imlrs.net\/\" data-type=\"link\" data-id=\"https:\/\/www.imlrs.net\/\">here<\/a>).<\/p>\n\n\n\n<hr class=\"wp-block-separator alignwide has-alpha-channel-opacity is-style-wide separador-mais-info\"\/>\n\n\n\n<p><\/p>\n\n\n<\/div><\/div>\n","protected":false},"excerpt":{"rendered":"<p>The PROPS project \u2013 Interactive Narratives Proposing Pluralistic Discourse will be represented<\/p>\n","protected":false},"author":3,"featured_media":7797,"comment_status":"closed","ping_status":"closed","sticky":false,"template":"","format":"standard","meta":{"_eb_attr":"","inline_featured_image":false,"advgb_blocks_editor_width":"","advgb_blocks_columns_visual_guide":"","footnotes":"","_links_to":"","_links_to_target":""},"categories":[61],"tags":[139],"class_list":["post-7802","post","type-post","status-publish","format-standard","has-post-thumbnail","hentry","category-news","tag-dissemination"],"yoast_head":"<!-- This site is optimized with the Yoast SEO plugin v27.4 - https:\/\/yoast.com\/product\/yoast-seo-wordpress\/ -->\n<title>PROPS project will be presented at the International Media Literacy Research Symposium - CIAC<\/title>\n<meta name=\"robots\" content=\"index, follow, max-snippet:-1, max-image-preview:large, max-video-preview:-1\" \/>\n<link rel=\"canonical\" href=\"https:\/\/ciac.pt\/en\/news\/props-project-will-be-presented-at-the-international-media-literacy-research-symposium\/\" \/>\n<meta property=\"og:locale\" content=\"en_US\" \/>\n<meta property=\"og:type\" content=\"article\" \/>\n<meta property=\"og:title\" content=\"PROPS project will be presented at the International Media Literacy Research Symposium - CIAC\" \/>\n<meta property=\"og:description\" content=\"The PROPS project \u2013 Interactive Narratives Proposing Pluralistic Discourse will be represented\" \/>\n<meta property=\"og:url\" content=\"https:\/\/ciac.pt\/en\/news\/props-project-will-be-presented-at-the-international-media-literacy-research-symposium\/\" \/>\n<meta property=\"og:site_name\" content=\"CIAC\" \/>\n<meta property=\"article:published_time\" content=\"2024-06-21T10:29:00+00:00\" \/>\n<meta property=\"article:modified_time\" content=\"2024-08-27T14:27:01+00:00\" \/>\n<meta property=\"og:image\" content=\"https:\/\/ciac.pt\/wp-content\/uploads\/2024\/06\/imagem.jpg\" \/>\n\t<meta property=\"og:image:width\" content=\"1620\" \/>\n\t<meta property=\"og:image:height\" content=\"1215\" \/>\n\t<meta property=\"og:image:type\" content=\"image\/jpeg\" \/>\n<meta name=\"author\" content=\"editor1\" \/>\n<meta name=\"twitter:card\" content=\"summary_large_image\" \/>\n<meta name=\"twitter:label1\" content=\"Written by\" \/>\n\t<meta name=\"twitter:data1\" content=\"editor1\" \/>\n\t<meta name=\"twitter:label2\" content=\"Est. reading time\" \/>\n\t<meta name=\"twitter:data2\" content=\"1 minute\" \/>\n<script type=\"application\/ld+json\" class=\"yoast-schema-graph\">{\"@context\":\"https:\\\/\\\/schema.org\",\"@graph\":[{\"@type\":\"Article\",\"@id\":\"https:\\\/\\\/ciac.pt\\\/en\\\/news\\\/props-project-will-be-presented-at-the-international-media-literacy-research-symposium\\\/#article\",\"isPartOf\":{\"@id\":\"https:\\\/\\\/ciac.pt\\\/en\\\/news\\\/props-project-will-be-presented-at-the-international-media-literacy-research-symposium\\\/\"},\"author\":{\"name\":\"editor1\",\"@id\":\"https:\\\/\\\/ciac.pt\\\/en\\\/#\\\/schema\\\/person\\\/3def46b976d3f4c0cdcf7c417cb570be\"},\"headline\":\"PROPS project will be presented at the International Media Literacy Research Symposium\",\"datePublished\":\"2024-06-21T10:29:00+00:00\",\"dateModified\":\"2024-08-27T14:27:01+00:00\",\"mainEntityOfPage\":{\"@id\":\"https:\\\/\\\/ciac.pt\\\/en\\\/news\\\/props-project-will-be-presented-at-the-international-media-literacy-research-symposium\\\/\"},\"wordCount\":266,\"publisher\":{\"@id\":\"https:\\\/\\\/ciac.pt\\\/en\\\/#organization\"},\"image\":{\"@id\":\"https:\\\/\\\/ciac.pt\\\/en\\\/news\\\/props-project-will-be-presented-at-the-international-media-literacy-research-symposium\\\/#primaryimage\"},\"thumbnailUrl\":\"https:\\\/\\\/ciac.pt\\\/wp-content\\\/uploads\\\/2024\\\/06\\\/imagem.jpg\",\"keywords\":[\"Dissemination\"],\"articleSection\":[\"News\"],\"inLanguage\":\"en-US\"},{\"@type\":\"WebPage\",\"@id\":\"https:\\\/\\\/ciac.pt\\\/en\\\/news\\\/props-project-will-be-presented-at-the-international-media-literacy-research-symposium\\\/\",\"url\":\"https:\\\/\\\/ciac.pt\\\/en\\\/news\\\/props-project-will-be-presented-at-the-international-media-literacy-research-symposium\\\/\",\"name\":\"PROPS project will be presented at the International Media Literacy Research Symposium - CIAC\",\"isPartOf\":{\"@id\":\"https:\\\/\\\/ciac.pt\\\/en\\\/#website\"},\"primaryImageOfPage\":{\"@id\":\"https:\\\/\\\/ciac.pt\\\/en\\\/news\\\/props-project-will-be-presented-at-the-international-media-literacy-research-symposium\\\/#primaryimage\"},\"image\":{\"@id\":\"https:\\\/\\\/ciac.pt\\\/en\\\/news\\\/props-project-will-be-presented-at-the-international-media-literacy-research-symposium\\\/#primaryimage\"},\"thumbnailUrl\":\"https:\\\/\\\/ciac.pt\\\/wp-content\\\/uploads\\\/2024\\\/06\\\/imagem.jpg\",\"datePublished\":\"2024-06-21T10:29:00+00:00\",\"dateModified\":\"2024-08-27T14:27:01+00:00\",\"breadcrumb\":{\"@id\":\"https:\\\/\\\/ciac.pt\\\/en\\\/news\\\/props-project-will-be-presented-at-the-international-media-literacy-research-symposium\\\/#breadcrumb\"},\"inLanguage\":\"en-US\",\"potentialAction\":[{\"@type\":\"ReadAction\",\"target\":[\"https:\\\/\\\/ciac.pt\\\/en\\\/news\\\/props-project-will-be-presented-at-the-international-media-literacy-research-symposium\\\/\"]}]},{\"@type\":\"ImageObject\",\"inLanguage\":\"en-US\",\"@id\":\"https:\\\/\\\/ciac.pt\\\/en\\\/news\\\/props-project-will-be-presented-at-the-international-media-literacy-research-symposium\\\/#primaryimage\",\"url\":\"https:\\\/\\\/ciac.pt\\\/wp-content\\\/uploads\\\/2024\\\/06\\\/imagem.jpg\",\"contentUrl\":\"https:\\\/\\\/ciac.pt\\\/wp-content\\\/uploads\\\/2024\\\/06\\\/imagem.jpg\",\"width\":1620,\"height\":1215},{\"@type\":\"BreadcrumbList\",\"@id\":\"https:\\\/\\\/ciac.pt\\\/en\\\/news\\\/props-project-will-be-presented-at-the-international-media-literacy-research-symposium\\\/#breadcrumb\",\"itemListElement\":[{\"@type\":\"ListItem\",\"position\":1,\"name\":\"In\u00edcio\",\"item\":\"https:\\\/\\\/ciac.pt\\\/en\\\/\"},{\"@type\":\"ListItem\",\"position\":2,\"name\":\"PROPS project will be presented at the International Media Literacy Research Symposium\"}]},{\"@type\":\"WebSite\",\"@id\":\"https:\\\/\\\/ciac.pt\\\/en\\\/#website\",\"url\":\"https:\\\/\\\/ciac.pt\\\/en\\\/\",\"name\":\"CIAC\",\"description\":\"Centro de Investiga\u00e7\u00e3o em Artes e Comunica\u00e7\u00e3o\",\"publisher\":{\"@id\":\"https:\\\/\\\/ciac.pt\\\/en\\\/#organization\"},\"potentialAction\":[{\"@type\":\"SearchAction\",\"target\":{\"@type\":\"EntryPoint\",\"urlTemplate\":\"https:\\\/\\\/ciac.pt\\\/en\\\/?s={search_term_string}\"},\"query-input\":{\"@type\":\"PropertyValueSpecification\",\"valueRequired\":true,\"valueName\":\"search_term_string\"}}],\"inLanguage\":\"en-US\"},{\"@type\":\"Organization\",\"@id\":\"https:\\\/\\\/ciac.pt\\\/en\\\/#organization\",\"name\":\"CIAC\",\"url\":\"https:\\\/\\\/ciac.pt\\\/en\\\/\",\"logo\":{\"@type\":\"ImageObject\",\"inLanguage\":\"en-US\",\"@id\":\"https:\\\/\\\/ciac.pt\\\/en\\\/#\\\/schema\\\/logo\\\/image\\\/\",\"url\":\"https:\\\/\\\/ciac.pt\\\/wp-content\\\/uploads\\\/2022\\\/06\\\/logo.svg\",\"contentUrl\":\"https:\\\/\\\/ciac.pt\\\/wp-content\\\/uploads\\\/2022\\\/06\\\/logo.svg\",\"width\":184,\"height\":51,\"caption\":\"CIAC\"},\"image\":{\"@id\":\"https:\\\/\\\/ciac.pt\\\/en\\\/#\\\/schema\\\/logo\\\/image\\\/\"}},{\"@type\":\"Person\",\"@id\":\"https:\\\/\\\/ciac.pt\\\/en\\\/#\\\/schema\\\/person\\\/3def46b976d3f4c0cdcf7c417cb570be\",\"name\":\"editor1\",\"image\":{\"@type\":\"ImageObject\",\"inLanguage\":\"en-US\",\"@id\":\"https:\\\/\\\/secure.gravatar.com\\\/avatar\\\/4d8eb3157f61df03731fd8bf031b56d1d9241759e8f8c07d4d7e51d2f858c821?s=96&d=mm&r=g\",\"url\":\"https:\\\/\\\/secure.gravatar.com\\\/avatar\\\/4d8eb3157f61df03731fd8bf031b56d1d9241759e8f8c07d4d7e51d2f858c821?s=96&d=mm&r=g\",\"contentUrl\":\"https:\\\/\\\/secure.gravatar.com\\\/avatar\\\/4d8eb3157f61df03731fd8bf031b56d1d9241759e8f8c07d4d7e51d2f858c821?s=96&d=mm&r=g\",\"caption\":\"editor1\"},\"url\":\"https:\\\/\\\/ciac.pt\\\/en\\\/author\\\/editor1\\\/\"}]}<\/script>\n<!-- \/ Yoast SEO plugin. -->","yoast_head_json":{"title":"PROPS project will be presented at the International Media Literacy Research Symposium - CIAC","robots":{"index":"index","follow":"follow","max-snippet":"max-snippet:-1","max-image-preview":"max-image-preview:large","max-video-preview":"max-video-preview:-1"},"canonical":"https:\/\/ciac.pt\/en\/news\/props-project-will-be-presented-at-the-international-media-literacy-research-symposium\/","og_locale":"en_US","og_type":"article","og_title":"PROPS project will be presented at the International Media Literacy Research Symposium - CIAC","og_description":"The PROPS project \u2013 Interactive Narratives Proposing Pluralistic Discourse will be represented","og_url":"https:\/\/ciac.pt\/en\/news\/props-project-will-be-presented-at-the-international-media-literacy-research-symposium\/","og_site_name":"CIAC","article_published_time":"2024-06-21T10:29:00+00:00","article_modified_time":"2024-08-27T14:27:01+00:00","og_image":[{"width":1620,"height":1215,"url":"https:\/\/ciac.pt\/wp-content\/uploads\/2024\/06\/imagem.jpg","type":"image\/jpeg"}],"author":"editor1","twitter_card":"summary_large_image","twitter_misc":{"Written by":"editor1","Est. reading time":"1 minute"},"schema":{"@context":"https:\/\/schema.org","@graph":[{"@type":"Article","@id":"https:\/\/ciac.pt\/en\/news\/props-project-will-be-presented-at-the-international-media-literacy-research-symposium\/#article","isPartOf":{"@id":"https:\/\/ciac.pt\/en\/news\/props-project-will-be-presented-at-the-international-media-literacy-research-symposium\/"},"author":{"name":"editor1","@id":"https:\/\/ciac.pt\/en\/#\/schema\/person\/3def46b976d3f4c0cdcf7c417cb570be"},"headline":"PROPS project will be presented at the International Media Literacy Research Symposium","datePublished":"2024-06-21T10:29:00+00:00","dateModified":"2024-08-27T14:27:01+00:00","mainEntityOfPage":{"@id":"https:\/\/ciac.pt\/en\/news\/props-project-will-be-presented-at-the-international-media-literacy-research-symposium\/"},"wordCount":266,"publisher":{"@id":"https:\/\/ciac.pt\/en\/#organization"},"image":{"@id":"https:\/\/ciac.pt\/en\/news\/props-project-will-be-presented-at-the-international-media-literacy-research-symposium\/#primaryimage"},"thumbnailUrl":"https:\/\/ciac.pt\/wp-content\/uploads\/2024\/06\/imagem.jpg","keywords":["Dissemination"],"articleSection":["News"],"inLanguage":"en-US"},{"@type":"WebPage","@id":"https:\/\/ciac.pt\/en\/news\/props-project-will-be-presented-at-the-international-media-literacy-research-symposium\/","url":"https:\/\/ciac.pt\/en\/news\/props-project-will-be-presented-at-the-international-media-literacy-research-symposium\/","name":"PROPS project will be presented at the International Media Literacy Research Symposium - CIAC","isPartOf":{"@id":"https:\/\/ciac.pt\/en\/#website"},"primaryImageOfPage":{"@id":"https:\/\/ciac.pt\/en\/news\/props-project-will-be-presented-at-the-international-media-literacy-research-symposium\/#primaryimage"},"image":{"@id":"https:\/\/ciac.pt\/en\/news\/props-project-will-be-presented-at-the-international-media-literacy-research-symposium\/#primaryimage"},"thumbnailUrl":"https:\/\/ciac.pt\/wp-content\/uploads\/2024\/06\/imagem.jpg","datePublished":"2024-06-21T10:29:00+00:00","dateModified":"2024-08-27T14:27:01+00:00","breadcrumb":{"@id":"https:\/\/ciac.pt\/en\/news\/props-project-will-be-presented-at-the-international-media-literacy-research-symposium\/#breadcrumb"},"inLanguage":"en-US","potentialAction":[{"@type":"ReadAction","target":["https:\/\/ciac.pt\/en\/news\/props-project-will-be-presented-at-the-international-media-literacy-research-symposium\/"]}]},{"@type":"ImageObject","inLanguage":"en-US","@id":"https:\/\/ciac.pt\/en\/news\/props-project-will-be-presented-at-the-international-media-literacy-research-symposium\/#primaryimage","url":"https:\/\/ciac.pt\/wp-content\/uploads\/2024\/06\/imagem.jpg","contentUrl":"https:\/\/ciac.pt\/wp-content\/uploads\/2024\/06\/imagem.jpg","width":1620,"height":1215},{"@type":"BreadcrumbList","@id":"https:\/\/ciac.pt\/en\/news\/props-project-will-be-presented-at-the-international-media-literacy-research-symposium\/#breadcrumb","itemListElement":[{"@type":"ListItem","position":1,"name":"In\u00edcio","item":"https:\/\/ciac.pt\/en\/"},{"@type":"ListItem","position":2,"name":"PROPS project will be presented at the International Media Literacy Research Symposium"}]},{"@type":"WebSite","@id":"https:\/\/ciac.pt\/en\/#website","url":"https:\/\/ciac.pt\/en\/","name":"CIAC","description":"Centro de Investiga\u00e7\u00e3o em Artes e Comunica\u00e7\u00e3o","publisher":{"@id":"https:\/\/ciac.pt\/en\/#organization"},"potentialAction":[{"@type":"SearchAction","target":{"@type":"EntryPoint","urlTemplate":"https:\/\/ciac.pt\/en\/?s={search_term_string}"},"query-input":{"@type":"PropertyValueSpecification","valueRequired":true,"valueName":"search_term_string"}}],"inLanguage":"en-US"},{"@type":"Organization","@id":"https:\/\/ciac.pt\/en\/#organization","name":"CIAC","url":"https:\/\/ciac.pt\/en\/","logo":{"@type":"ImageObject","inLanguage":"en-US","@id":"https:\/\/ciac.pt\/en\/#\/schema\/logo\/image\/","url":"https:\/\/ciac.pt\/wp-content\/uploads\/2022\/06\/logo.svg","contentUrl":"https:\/\/ciac.pt\/wp-content\/uploads\/2022\/06\/logo.svg","width":184,"height":51,"caption":"CIAC"},"image":{"@id":"https:\/\/ciac.pt\/en\/#\/schema\/logo\/image\/"}},{"@type":"Person","@id":"https:\/\/ciac.pt\/en\/#\/schema\/person\/3def46b976d3f4c0cdcf7c417cb570be","name":"editor1","image":{"@type":"ImageObject","inLanguage":"en-US","@id":"https:\/\/secure.gravatar.com\/avatar\/4d8eb3157f61df03731fd8bf031b56d1d9241759e8f8c07d4d7e51d2f858c821?s=96&d=mm&r=g","url":"https:\/\/secure.gravatar.com\/avatar\/4d8eb3157f61df03731fd8bf031b56d1d9241759e8f8c07d4d7e51d2f858c821?s=96&d=mm&r=g","contentUrl":"https:\/\/secure.gravatar.com\/avatar\/4d8eb3157f61df03731fd8bf031b56d1d9241759e8f8c07d4d7e51d2f858c821?s=96&d=mm&r=g","caption":"editor1"},"url":"https:\/\/ciac.pt\/en\/author\/editor1\/"}]}},"author_meta":{"display_name":"editor1","author_link":"https:\/\/ciac.pt\/en\/author\/editor1\/"},"featured_img":"https:\/\/ciac.pt\/wp-content\/uploads\/2024\/06\/imagem-300x225.jpg","coauthors":[],"tax_additional":{"categories":{"linked":["<a href=\"https:\/\/ciac.pt\/en\/.\/news\/\" class=\"advgb-post-tax-term\">News<\/a>"],"unlinked":["<span class=\"advgb-post-tax-term\">News<\/span>"]},"tags":{"linked":["<a href=\"https:\/\/ciac.pt\/en\/.\/news\/\" class=\"advgb-post-tax-term\">Dissemination<\/a>"],"unlinked":["<span class=\"advgb-post-tax-term\">Dissemination<\/span>"]}},"comment_count":0,"relative_dates":{"created":"Posted 2 years ago","modified":"Updated 2 years ago"},"absolute_dates":{"created":"Posted on 21\/06\/2024","modified":"Updated on 27\/08\/2024"},"absolute_dates_time":{"created":"Posted on 21\/06\/2024 11:29","modified":"Updated on 27\/08\/2024 15:27"},"featured_img_caption":"","series_order":"","_links":{"self":[{"href":"https:\/\/ciac.pt\/en\/wp-json\/wp\/v2\/posts\/7802","targetHints":{"allow":["GET"]}}],"collection":[{"href":"https:\/\/ciac.pt\/en\/wp-json\/wp\/v2\/posts"}],"about":[{"href":"https:\/\/ciac.pt\/en\/wp-json\/wp\/v2\/types\/post"}],"author":[{"embeddable":true,"href":"https:\/\/ciac.pt\/en\/wp-json\/wp\/v2\/users\/3"}],"replies":[{"embeddable":true,"href":"https:\/\/ciac.pt\/en\/wp-json\/wp\/v2\/comments?post=7802"}],"version-history":[{"count":2,"href":"https:\/\/ciac.pt\/en\/wp-json\/wp\/v2\/posts\/7802\/revisions"}],"predecessor-version":[{"id":7915,"href":"https:\/\/ciac.pt\/en\/wp-json\/wp\/v2\/posts\/7802\/revisions\/7915"}],"wp:featuredmedia":[{"embeddable":true,"href":"https:\/\/ciac.pt\/en\/wp-json\/wp\/v2\/media\/7797"}],"wp:attachment":[{"href":"https:\/\/ciac.pt\/en\/wp-json\/wp\/v2\/media?parent=7802"}],"wp:term":[{"taxonomy":"category","embeddable":true,"href":"https:\/\/ciac.pt\/en\/wp-json\/wp\/v2\/categories?post=7802"},{"taxonomy":"post_tag","embeddable":true,"href":"https:\/\/ciac.pt\/en\/wp-json\/wp\/v2\/tags?post=7802"}],"curies":[{"name":"wp","href":"https:\/\/api.w.org\/{rel}","templated":true}]}}