{"id":7910,"date":"2024-06-25T10:06:00","date_gmt":"2024-06-25T09:06:00","guid":{"rendered":"https:\/\/ciac.pt\/?p=7910"},"modified":"2024-08-27T15:27:00","modified_gmt":"2024-08-27T14:27:00","slug":"silvia-quinteiro-participates-in-the-luso-brazilian-seminar-on-tourism-and-literature","status":"publish","type":"post","link":"https:\/\/ciac.pt\/en\/news\/silvia-quinteiro-participates-in-the-luso-brazilian-seminar-on-tourism-and-literature\/","title":{"rendered":"S\u00edlvia Quinteiro participates in the Luso-Brazilian Seminar on Tourism and Literature"},"content":{"rendered":"\n<div class=\"wp-block-group alignwide\"><div class=\"wp-block-group__inner-container is-layout-constrained wp-block-group-is-layout-constrained\">\n\n\n\n\n<figure class=\"wp-block-image size-full is-resized\"><a href=\"https:\/\/ciac.pt\/wp-content\/uploads\/2024\/06\/I-Seminario-Luso-Brasileiro.jpg\"><img decoding=\"async\" width=\"1414\" height=\"2000\" data-src=\"https:\/\/ciac.pt\/wp-content\/uploads\/2024\/06\/I-Seminario-Luso-Brasileiro.jpg\" alt=\"\" class=\"wp-image-7833 lazyload\" style=\"--smush-placeholder-width: 1414px; --smush-placeholder-aspect-ratio: 1414\/2000;width:auto;height:300px\" data-srcset=\"https:\/\/ciac.pt\/wp-content\/uploads\/2024\/06\/I-Seminario-Luso-Brasileiro.jpg 1414w, https:\/\/ciac.pt\/wp-content\/uploads\/2024\/06\/I-Seminario-Luso-Brasileiro-212x300.jpg 212w, https:\/\/ciac.pt\/wp-content\/uploads\/2024\/06\/I-Seminario-Luso-Brasileiro-724x1024.jpg 724w, https:\/\/ciac.pt\/wp-content\/uploads\/2024\/06\/I-Seminario-Luso-Brasileiro-768x1086.jpg 768w, https:\/\/ciac.pt\/wp-content\/uploads\/2024\/06\/I-Seminario-Luso-Brasileiro-1086x1536.jpg 1086w\" data-sizes=\"(max-width: 1414px) 100vw, 1414px\" src=\"data:image\/svg+xml;base64,PHN2ZyB3aWR0aD0iMSIgaGVpZ2h0PSIxIiB4bWxucz0iaHR0cDovL3d3dy53My5vcmcvMjAwMC9zdmciPjwvc3ZnPg==\" \/><\/a><\/figure>\n\n\n<h1 class=\"wp-block-post-title\">S\u00edlvia Quinteiro participates in the Luso-Brazilian Seminar on Tourism and Literature<\/h1>\n\n<div class=\"wp-block-post-date has-text-color has-cyan-bluish-gray-color\"><time datetime=\"2024-06-25T10:06:00+01:00\">25\/06\/2024<\/time><\/div>\n\n\n<hr class=\"wp-block-separator has-text-color has-white-color has-alpha-channel-opacity has-white-background-color has-background\"\/>\n\n\n\n<p>The Geosciences Institute of the Federal University of Minas Gerais (UFMG) is organizing the I Luso-Brazilian Seminar on Tourism and Literature, which will take place from July 4-6 at the Tourist Assistance Center in Cordisburgo. The initiative aims to promote an exchange between the Brazilian and Portuguese scientific communities, exploring the interactions between tourism and literature, their impact on regional development, and the enhancement of cultural heritage.<\/p>\n\n\n\n<p>The seminar is organized by professors from the UFMG Tourism Course and will feature the presence of S\u00edlvia Quinteiro, a CIAC researcher responsible for implementing literary routes in Portugal and Spain.<\/p>\n\n\n\n<p>The event aims to bring together undergraduate and postgraduate students, as well as professionals from both the public and private sectors, to foster the development of scientific collaboration networks between Brazil and Portugal. The goal is to stimulate the exchange of experiences and knowledge on Literary Tourism and to encourage innovation, thereby contributing to the appreciation of literary tourism as a tool for socio-economic development and the preservation of cultural heritage.<\/p>\n\n\n\n<p>Registrations are open (<a href=\"https:\/\/docs.google.com\/forms\/d\/e\/1FAIpQLSdifCuTLhxt7a1PhS3EcP27CPnvyBn2CUs9IH6eJI4J_aoGSQ\/viewform\" data-type=\"link\" data-id=\"https:\/\/docs.google.com\/forms\/d\/e\/1FAIpQLSdifCuTLhxt7a1PhS3EcP27CPnvyBn2CUs9IH6eJI4J_aoGSQ\/viewform\">here<\/a>).<\/p>\n\n\n\n<hr class=\"wp-block-separator alignwide has-alpha-channel-opacity is-style-wide separador-mais-info\"\/>\n\n\n\n<p><\/p>\n\n\n<\/div><\/div>\n","protected":false},"excerpt":{"rendered":"<p>The Geosciences Institute of the Federal University of Minas Gerais (UFMG) is<\/p>\n","protected":false},"author":3,"featured_media":7832,"comment_status":"closed","ping_status":"closed","sticky":false,"template":"","format":"standard","meta":{"_eb_attr":"","inline_featured_image":false,"advgb_blocks_editor_width":"","advgb_blocks_columns_visual_guide":"","footnotes":"","_links_to":"","_links_to_target":""},"categories":[61],"tags":[139],"class_list":["post-7910","post","type-post","status-publish","format-standard","has-post-thumbnail","hentry","category-news","tag-dissemination"],"yoast_head":"<!-- This site is optimized with the Yoast SEO plugin v27.4 - https:\/\/yoast.com\/product\/yoast-seo-wordpress\/ -->\n<title>S\u00edlvia Quinteiro participates in the Luso-Brazilian Seminar on Tourism and Literature - CIAC<\/title>\n<meta name=\"robots\" content=\"index, follow, max-snippet:-1, max-image-preview:large, max-video-preview:-1\" \/>\n<link rel=\"canonical\" href=\"https:\/\/ciac.pt\/en\/news\/silvia-quinteiro-participates-in-the-luso-brazilian-seminar-on-tourism-and-literature\/\" \/>\n<meta property=\"og:locale\" content=\"en_US\" \/>\n<meta property=\"og:type\" content=\"article\" \/>\n<meta property=\"og:title\" content=\"S\u00edlvia Quinteiro participates in the Luso-Brazilian Seminar on Tourism and Literature - CIAC\" \/>\n<meta property=\"og:description\" content=\"The Geosciences Institute of the Federal University of Minas Gerais (UFMG) is\" \/>\n<meta property=\"og:url\" content=\"https:\/\/ciac.pt\/en\/news\/silvia-quinteiro-participates-in-the-luso-brazilian-seminar-on-tourism-and-literature\/\" \/>\n<meta property=\"og:site_name\" content=\"CIAC\" \/>\n<meta property=\"article:published_time\" content=\"2024-06-25T09:06:00+00:00\" \/>\n<meta property=\"article:modified_time\" content=\"2024-08-27T14:27:00+00:00\" \/>\n<meta property=\"og:image\" content=\"https:\/\/ciac.pt\/wp-content\/uploads\/2024\/06\/Seminario-de-Turismo-e-Literatura.jpg\" \/>\n\t<meta property=\"og:image:width\" content=\"1620\" \/>\n\t<meta property=\"og:image:height\" content=\"1215\" \/>\n\t<meta property=\"og:image:type\" content=\"image\/jpeg\" \/>\n<meta name=\"author\" content=\"editor1\" \/>\n<meta name=\"twitter:card\" content=\"summary_large_image\" \/>\n<meta name=\"twitter:label1\" content=\"Written by\" \/>\n\t<meta name=\"twitter:data1\" content=\"editor1\" \/>\n\t<meta name=\"twitter:label2\" content=\"Est. reading time\" \/>\n\t<meta name=\"twitter:data2\" content=\"1 minute\" \/>\n<script type=\"application\/ld+json\" class=\"yoast-schema-graph\">{\"@context\":\"https:\\\/\\\/schema.org\",\"@graph\":[{\"@type\":\"Article\",\"@id\":\"https:\\\/\\\/ciac.pt\\\/en\\\/news\\\/silvia-quinteiro-participates-in-the-luso-brazilian-seminar-on-tourism-and-literature\\\/#article\",\"isPartOf\":{\"@id\":\"https:\\\/\\\/ciac.pt\\\/en\\\/news\\\/silvia-quinteiro-participates-in-the-luso-brazilian-seminar-on-tourism-and-literature\\\/\"},\"author\":{\"name\":\"editor1\",\"@id\":\"https:\\\/\\\/ciac.pt\\\/en\\\/#\\\/schema\\\/person\\\/3def46b976d3f4c0cdcf7c417cb570be\"},\"headline\":\"S\u00edlvia Quinteiro participates in the Luso-Brazilian Seminar on Tourism and Literature\",\"datePublished\":\"2024-06-25T09:06:00+00:00\",\"dateModified\":\"2024-08-27T14:27:00+00:00\",\"mainEntityOfPage\":{\"@id\":\"https:\\\/\\\/ciac.pt\\\/en\\\/news\\\/silvia-quinteiro-participates-in-the-luso-brazilian-seminar-on-tourism-and-literature\\\/\"},\"wordCount\":189,\"publisher\":{\"@id\":\"https:\\\/\\\/ciac.pt\\\/en\\\/#organization\"},\"image\":{\"@id\":\"https:\\\/\\\/ciac.pt\\\/en\\\/news\\\/silvia-quinteiro-participates-in-the-luso-brazilian-seminar-on-tourism-and-literature\\\/#primaryimage\"},\"thumbnailUrl\":\"https:\\\/\\\/ciac.pt\\\/wp-content\\\/uploads\\\/2024\\\/06\\\/Seminario-de-Turismo-e-Literatura.jpg\",\"keywords\":[\"Dissemination\"],\"articleSection\":[\"News\"],\"inLanguage\":\"en-US\"},{\"@type\":\"WebPage\",\"@id\":\"https:\\\/\\\/ciac.pt\\\/en\\\/news\\\/silvia-quinteiro-participates-in-the-luso-brazilian-seminar-on-tourism-and-literature\\\/\",\"url\":\"https:\\\/\\\/ciac.pt\\\/en\\\/news\\\/silvia-quinteiro-participates-in-the-luso-brazilian-seminar-on-tourism-and-literature\\\/\",\"name\":\"S\u00edlvia Quinteiro participates in the Luso-Brazilian Seminar on Tourism and Literature - CIAC\",\"isPartOf\":{\"@id\":\"https:\\\/\\\/ciac.pt\\\/en\\\/#website\"},\"primaryImageOfPage\":{\"@id\":\"https:\\\/\\\/ciac.pt\\\/en\\\/news\\\/silvia-quinteiro-participates-in-the-luso-brazilian-seminar-on-tourism-and-literature\\\/#primaryimage\"},\"image\":{\"@id\":\"https:\\\/\\\/ciac.pt\\\/en\\\/news\\\/silvia-quinteiro-participates-in-the-luso-brazilian-seminar-on-tourism-and-literature\\\/#primaryimage\"},\"thumbnailUrl\":\"https:\\\/\\\/ciac.pt\\\/wp-content\\\/uploads\\\/2024\\\/06\\\/Seminario-de-Turismo-e-Literatura.jpg\",\"datePublished\":\"2024-06-25T09:06:00+00:00\",\"dateModified\":\"2024-08-27T14:27:00+00:00\",\"breadcrumb\":{\"@id\":\"https:\\\/\\\/ciac.pt\\\/en\\\/news\\\/silvia-quinteiro-participates-in-the-luso-brazilian-seminar-on-tourism-and-literature\\\/#breadcrumb\"},\"inLanguage\":\"en-US\",\"potentialAction\":[{\"@type\":\"ReadAction\",\"target\":[\"https:\\\/\\\/ciac.pt\\\/en\\\/news\\\/silvia-quinteiro-participates-in-the-luso-brazilian-seminar-on-tourism-and-literature\\\/\"]}]},{\"@type\":\"ImageObject\",\"inLanguage\":\"en-US\",\"@id\":\"https:\\\/\\\/ciac.pt\\\/en\\\/news\\\/silvia-quinteiro-participates-in-the-luso-brazilian-seminar-on-tourism-and-literature\\\/#primaryimage\",\"url\":\"https:\\\/\\\/ciac.pt\\\/wp-content\\\/uploads\\\/2024\\\/06\\\/Seminario-de-Turismo-e-Literatura.jpg\",\"contentUrl\":\"https:\\\/\\\/ciac.pt\\\/wp-content\\\/uploads\\\/2024\\\/06\\\/Seminario-de-Turismo-e-Literatura.jpg\",\"width\":1620,\"height\":1215},{\"@type\":\"BreadcrumbList\",\"@id\":\"https:\\\/\\\/ciac.pt\\\/en\\\/news\\\/silvia-quinteiro-participates-in-the-luso-brazilian-seminar-on-tourism-and-literature\\\/#breadcrumb\",\"itemListElement\":[{\"@type\":\"ListItem\",\"position\":1,\"name\":\"In\u00edcio\",\"item\":\"https:\\\/\\\/ciac.pt\\\/en\\\/\"},{\"@type\":\"ListItem\",\"position\":2,\"name\":\"S\u00edlvia Quinteiro participates in the Luso-Brazilian Seminar on Tourism and Literature\"}]},{\"@type\":\"WebSite\",\"@id\":\"https:\\\/\\\/ciac.pt\\\/en\\\/#website\",\"url\":\"https:\\\/\\\/ciac.pt\\\/en\\\/\",\"name\":\"CIAC\",\"description\":\"Centro de Investiga\u00e7\u00e3o em Artes e Comunica\u00e7\u00e3o\",\"publisher\":{\"@id\":\"https:\\\/\\\/ciac.pt\\\/en\\\/#organization\"},\"potentialAction\":[{\"@type\":\"SearchAction\",\"target\":{\"@type\":\"EntryPoint\",\"urlTemplate\":\"https:\\\/\\\/ciac.pt\\\/en\\\/?s={search_term_string}\"},\"query-input\":{\"@type\":\"PropertyValueSpecification\",\"valueRequired\":true,\"valueName\":\"search_term_string\"}}],\"inLanguage\":\"en-US\"},{\"@type\":\"Organization\",\"@id\":\"https:\\\/\\\/ciac.pt\\\/en\\\/#organization\",\"name\":\"CIAC\",\"url\":\"https:\\\/\\\/ciac.pt\\\/en\\\/\",\"logo\":{\"@type\":\"ImageObject\",\"inLanguage\":\"en-US\",\"@id\":\"https:\\\/\\\/ciac.pt\\\/en\\\/#\\\/schema\\\/logo\\\/image\\\/\",\"url\":\"https:\\\/\\\/ciac.pt\\\/wp-content\\\/uploads\\\/2022\\\/06\\\/logo.svg\",\"contentUrl\":\"https:\\\/\\\/ciac.pt\\\/wp-content\\\/uploads\\\/2022\\\/06\\\/logo.svg\",\"width\":184,\"height\":51,\"caption\":\"CIAC\"},\"image\":{\"@id\":\"https:\\\/\\\/ciac.pt\\\/en\\\/#\\\/schema\\\/logo\\\/image\\\/\"}},{\"@type\":\"Person\",\"@id\":\"https:\\\/\\\/ciac.pt\\\/en\\\/#\\\/schema\\\/person\\\/3def46b976d3f4c0cdcf7c417cb570be\",\"name\":\"editor1\",\"image\":{\"@type\":\"ImageObject\",\"inLanguage\":\"en-US\",\"@id\":\"https:\\\/\\\/secure.gravatar.com\\\/avatar\\\/4d8eb3157f61df03731fd8bf031b56d1d9241759e8f8c07d4d7e51d2f858c821?s=96&d=mm&r=g\",\"url\":\"https:\\\/\\\/secure.gravatar.com\\\/avatar\\\/4d8eb3157f61df03731fd8bf031b56d1d9241759e8f8c07d4d7e51d2f858c821?s=96&d=mm&r=g\",\"contentUrl\":\"https:\\\/\\\/secure.gravatar.com\\\/avatar\\\/4d8eb3157f61df03731fd8bf031b56d1d9241759e8f8c07d4d7e51d2f858c821?s=96&d=mm&r=g\",\"caption\":\"editor1\"},\"url\":\"https:\\\/\\\/ciac.pt\\\/en\\\/author\\\/editor1\\\/\"}]}<\/script>\n<!-- \/ Yoast SEO plugin. -->","yoast_head_json":{"title":"S\u00edlvia Quinteiro participates in the Luso-Brazilian Seminar on Tourism and Literature - CIAC","robots":{"index":"index","follow":"follow","max-snippet":"max-snippet:-1","max-image-preview":"max-image-preview:large","max-video-preview":"max-video-preview:-1"},"canonical":"https:\/\/ciac.pt\/en\/news\/silvia-quinteiro-participates-in-the-luso-brazilian-seminar-on-tourism-and-literature\/","og_locale":"en_US","og_type":"article","og_title":"S\u00edlvia Quinteiro participates in the Luso-Brazilian Seminar on Tourism and Literature - CIAC","og_description":"The Geosciences Institute of the Federal University of Minas Gerais (UFMG) is","og_url":"https:\/\/ciac.pt\/en\/news\/silvia-quinteiro-participates-in-the-luso-brazilian-seminar-on-tourism-and-literature\/","og_site_name":"CIAC","article_published_time":"2024-06-25T09:06:00+00:00","article_modified_time":"2024-08-27T14:27:00+00:00","og_image":[{"width":1620,"height":1215,"url":"https:\/\/ciac.pt\/wp-content\/uploads\/2024\/06\/Seminario-de-Turismo-e-Literatura.jpg","type":"image\/jpeg"}],"author":"editor1","twitter_card":"summary_large_image","twitter_misc":{"Written by":"editor1","Est. reading time":"1 minute"},"schema":{"@context":"https:\/\/schema.org","@graph":[{"@type":"Article","@id":"https:\/\/ciac.pt\/en\/news\/silvia-quinteiro-participates-in-the-luso-brazilian-seminar-on-tourism-and-literature\/#article","isPartOf":{"@id":"https:\/\/ciac.pt\/en\/news\/silvia-quinteiro-participates-in-the-luso-brazilian-seminar-on-tourism-and-literature\/"},"author":{"name":"editor1","@id":"https:\/\/ciac.pt\/en\/#\/schema\/person\/3def46b976d3f4c0cdcf7c417cb570be"},"headline":"S\u00edlvia Quinteiro participates in the Luso-Brazilian Seminar on Tourism and Literature","datePublished":"2024-06-25T09:06:00+00:00","dateModified":"2024-08-27T14:27:00+00:00","mainEntityOfPage":{"@id":"https:\/\/ciac.pt\/en\/news\/silvia-quinteiro-participates-in-the-luso-brazilian-seminar-on-tourism-and-literature\/"},"wordCount":189,"publisher":{"@id":"https:\/\/ciac.pt\/en\/#organization"},"image":{"@id":"https:\/\/ciac.pt\/en\/news\/silvia-quinteiro-participates-in-the-luso-brazilian-seminar-on-tourism-and-literature\/#primaryimage"},"thumbnailUrl":"https:\/\/ciac.pt\/wp-content\/uploads\/2024\/06\/Seminario-de-Turismo-e-Literatura.jpg","keywords":["Dissemination"],"articleSection":["News"],"inLanguage":"en-US"},{"@type":"WebPage","@id":"https:\/\/ciac.pt\/en\/news\/silvia-quinteiro-participates-in-the-luso-brazilian-seminar-on-tourism-and-literature\/","url":"https:\/\/ciac.pt\/en\/news\/silvia-quinteiro-participates-in-the-luso-brazilian-seminar-on-tourism-and-literature\/","name":"S\u00edlvia Quinteiro participates in the Luso-Brazilian Seminar on Tourism and Literature - CIAC","isPartOf":{"@id":"https:\/\/ciac.pt\/en\/#website"},"primaryImageOfPage":{"@id":"https:\/\/ciac.pt\/en\/news\/silvia-quinteiro-participates-in-the-luso-brazilian-seminar-on-tourism-and-literature\/#primaryimage"},"image":{"@id":"https:\/\/ciac.pt\/en\/news\/silvia-quinteiro-participates-in-the-luso-brazilian-seminar-on-tourism-and-literature\/#primaryimage"},"thumbnailUrl":"https:\/\/ciac.pt\/wp-content\/uploads\/2024\/06\/Seminario-de-Turismo-e-Literatura.jpg","datePublished":"2024-06-25T09:06:00+00:00","dateModified":"2024-08-27T14:27:00+00:00","breadcrumb":{"@id":"https:\/\/ciac.pt\/en\/news\/silvia-quinteiro-participates-in-the-luso-brazilian-seminar-on-tourism-and-literature\/#breadcrumb"},"inLanguage":"en-US","potentialAction":[{"@type":"ReadAction","target":["https:\/\/ciac.pt\/en\/news\/silvia-quinteiro-participates-in-the-luso-brazilian-seminar-on-tourism-and-literature\/"]}]},{"@type":"ImageObject","inLanguage":"en-US","@id":"https:\/\/ciac.pt\/en\/news\/silvia-quinteiro-participates-in-the-luso-brazilian-seminar-on-tourism-and-literature\/#primaryimage","url":"https:\/\/ciac.pt\/wp-content\/uploads\/2024\/06\/Seminario-de-Turismo-e-Literatura.jpg","contentUrl":"https:\/\/ciac.pt\/wp-content\/uploads\/2024\/06\/Seminario-de-Turismo-e-Literatura.jpg","width":1620,"height":1215},{"@type":"BreadcrumbList","@id":"https:\/\/ciac.pt\/en\/news\/silvia-quinteiro-participates-in-the-luso-brazilian-seminar-on-tourism-and-literature\/#breadcrumb","itemListElement":[{"@type":"ListItem","position":1,"name":"In\u00edcio","item":"https:\/\/ciac.pt\/en\/"},{"@type":"ListItem","position":2,"name":"S\u00edlvia Quinteiro participates in the Luso-Brazilian Seminar on Tourism and Literature"}]},{"@type":"WebSite","@id":"https:\/\/ciac.pt\/en\/#website","url":"https:\/\/ciac.pt\/en\/","name":"CIAC","description":"Centro de Investiga\u00e7\u00e3o em Artes e Comunica\u00e7\u00e3o","publisher":{"@id":"https:\/\/ciac.pt\/en\/#organization"},"potentialAction":[{"@type":"SearchAction","target":{"@type":"EntryPoint","urlTemplate":"https:\/\/ciac.pt\/en\/?s={search_term_string}"},"query-input":{"@type":"PropertyValueSpecification","valueRequired":true,"valueName":"search_term_string"}}],"inLanguage":"en-US"},{"@type":"Organization","@id":"https:\/\/ciac.pt\/en\/#organization","name":"CIAC","url":"https:\/\/ciac.pt\/en\/","logo":{"@type":"ImageObject","inLanguage":"en-US","@id":"https:\/\/ciac.pt\/en\/#\/schema\/logo\/image\/","url":"https:\/\/ciac.pt\/wp-content\/uploads\/2022\/06\/logo.svg","contentUrl":"https:\/\/ciac.pt\/wp-content\/uploads\/2022\/06\/logo.svg","width":184,"height":51,"caption":"CIAC"},"image":{"@id":"https:\/\/ciac.pt\/en\/#\/schema\/logo\/image\/"}},{"@type":"Person","@id":"https:\/\/ciac.pt\/en\/#\/schema\/person\/3def46b976d3f4c0cdcf7c417cb570be","name":"editor1","image":{"@type":"ImageObject","inLanguage":"en-US","@id":"https:\/\/secure.gravatar.com\/avatar\/4d8eb3157f61df03731fd8bf031b56d1d9241759e8f8c07d4d7e51d2f858c821?s=96&d=mm&r=g","url":"https:\/\/secure.gravatar.com\/avatar\/4d8eb3157f61df03731fd8bf031b56d1d9241759e8f8c07d4d7e51d2f858c821?s=96&d=mm&r=g","contentUrl":"https:\/\/secure.gravatar.com\/avatar\/4d8eb3157f61df03731fd8bf031b56d1d9241759e8f8c07d4d7e51d2f858c821?s=96&d=mm&r=g","caption":"editor1"},"url":"https:\/\/ciac.pt\/en\/author\/editor1\/"}]}},"author_meta":{"display_name":"editor1","author_link":"https:\/\/ciac.pt\/en\/author\/editor1\/"},"featured_img":"https:\/\/ciac.pt\/wp-content\/uploads\/2024\/06\/Seminario-de-Turismo-e-Literatura-300x225.jpg","coauthors":[],"tax_additional":{"categories":{"linked":["<a href=\"https:\/\/ciac.pt\/en\/.\/news\/\" class=\"advgb-post-tax-term\">News<\/a>"],"unlinked":["<span class=\"advgb-post-tax-term\">News<\/span>"]},"tags":{"linked":["<a href=\"https:\/\/ciac.pt\/en\/.\/news\/\" class=\"advgb-post-tax-term\">Dissemination<\/a>"],"unlinked":["<span class=\"advgb-post-tax-term\">Dissemination<\/span>"]}},"comment_count":0,"relative_dates":{"created":"Posted 2 years ago","modified":"Updated 2 years ago"},"absolute_dates":{"created":"Posted on 25\/06\/2024","modified":"Updated on 27\/08\/2024"},"absolute_dates_time":{"created":"Posted on 25\/06\/2024 10:06","modified":"Updated on 27\/08\/2024 15:27"},"featured_img_caption":"","series_order":"","_links":{"self":[{"href":"https:\/\/ciac.pt\/en\/wp-json\/wp\/v2\/posts\/7910","targetHints":{"allow":["GET"]}}],"collection":[{"href":"https:\/\/ciac.pt\/en\/wp-json\/wp\/v2\/posts"}],"about":[{"href":"https:\/\/ciac.pt\/en\/wp-json\/wp\/v2\/types\/post"}],"author":[{"embeddable":true,"href":"https:\/\/ciac.pt\/en\/wp-json\/wp\/v2\/users\/3"}],"replies":[{"embeddable":true,"href":"https:\/\/ciac.pt\/en\/wp-json\/wp\/v2\/comments?post=7910"}],"version-history":[{"count":2,"href":"https:\/\/ciac.pt\/en\/wp-json\/wp\/v2\/posts\/7910\/revisions"}],"predecessor-version":[{"id":7918,"href":"https:\/\/ciac.pt\/en\/wp-json\/wp\/v2\/posts\/7910\/revisions\/7918"}],"wp:featuredmedia":[{"embeddable":true,"href":"https:\/\/ciac.pt\/en\/wp-json\/wp\/v2\/media\/7832"}],"wp:attachment":[{"href":"https:\/\/ciac.pt\/en\/wp-json\/wp\/v2\/media?parent=7910"}],"wp:term":[{"taxonomy":"category","embeddable":true,"href":"https:\/\/ciac.pt\/en\/wp-json\/wp\/v2\/categories?post=7910"},{"taxonomy":"post_tag","embeddable":true,"href":"https:\/\/ciac.pt\/en\/wp-json\/wp\/v2\/tags?post=7910"}],"curies":[{"name":"wp","href":"https:\/\/api.w.org\/{rel}","templated":true}]}}