{"id":8154,"date":"2024-07-15T14:41:00","date_gmt":"2024-07-15T13:41:00","guid":{"rendered":"https:\/\/ciac.pt\/?p=8154"},"modified":"2024-08-27T15:26:59","modified_gmt":"2024-08-27T14:26:59","slug":"the-presentation-of-the-book-romance-de-dom-dinis-will-take-place-on-july-20","status":"publish","type":"post","link":"https:\/\/ciac.pt\/en\/news\/the-presentation-of-the-book-romance-de-dom-dinis-will-take-place-on-july-20\/","title":{"rendered":"Presentation of the book &#8220;Romance de Dom Dinis&#8221; will take place on July 20"},"content":{"rendered":"\n<div class=\"wp-block-group alignwide\"><div class=\"wp-block-group__inner-container is-layout-constrained wp-block-group-is-layout-constrained\">\n\n\n\n\n<figure class=\"wp-block-image size-full is-resized\"><a href=\"https:\/\/ciac.pt\/wp-content\/uploads\/2024\/07\/1157055-83a7613317adef819a314ea4be4eb07b-r.jpeg\"><img decoding=\"async\" data-src=\"https:\/\/ciac.pt\/wp-content\/uploads\/2024\/07\/1157055-83a7613317adef819a314ea4be4eb07b-r.jpeg\" alt=\"\" class=\"wp-image-8123 lazyload\" style=\"--smush-placeholder-width: 900px; --smush-placeholder-aspect-ratio: 900\/443;width:auto;height:300px\" src=\"data:image\/svg+xml;base64,PHN2ZyB3aWR0aD0iMSIgaGVpZ2h0PSIxIiB4bWxucz0iaHR0cDovL3d3dy53My5vcmcvMjAwMC9zdmciPjwvc3ZnPg==\" \/><\/a><\/figure>\n\n\n<h1 class=\"wp-block-post-title\">Presentation of the book &#8220;Romance de Dom Dinis&#8221; will take place on July 20<\/h1>\n\n<div class=\"wp-block-post-date has-text-color has-cyan-bluish-gray-color\"><time datetime=\"2024-07-15T14:41:00+01:00\">15\/07\/2024<\/time><\/div>\n\n\n<hr class=\"wp-block-separator has-text-color has-white-color has-alpha-channel-opacity has-white-background-color has-background\"\/>\n\n\n\n<p>The book \u201cRomance de Dom Dinis, El-Rey que (nom) fez tudo tudo quanto quis\u201d, written by Nat\u00e1lia Const\u00e2ncio, a researcher at CIAC, will be presented by Dr. Ana Cristina Carvalho (CICS-NOVA-FCSH) on July 20 at 3:00 PM at the Casa de Jos\u00e9 de Saramago &#8211; \u00d3bidos Municipal Library.<\/p>\n\n\n\n<p>Nat\u00e1lia Const\u00e2ncio holds a Master\u2019s degree in Portuguese Literature and a PhD in Portuguese Studies, with a thesis titled &#8220;Subversion and Parody in the Works of M\u00e1rio de Carvalho&#8221; (2012). She has published various works, including \u201cHumans, Animals, and Their Equals: Epitome of a Foretold Death, in M\u00e1rio de Carvalho\u201d, published in &#8220;Falas da Terra no S\u00e9culo XXI&#8221; (2011), &#8220;Ruins and Uncertainties in Um Deus Passeando pela Brisa da Tarde, by M\u00e1rio de Carvalho&#8221; (2007), and &#8220;Passion, Treachery, and Death in O Conde Jano, by M\u00e1rio de Carvalho&#8221; (2004), among others.<\/p>\n\n\n\n<p>In this book, she narrates the familial and romantic life of Dom Dinis and Dona Isabel within their historical, social, and religious context. It references the cultural ties that connect the kingdom of Portugal to Castile and Aragon, the influence of Proven\u00e7al literature on Dom Dinis\u2019s lyric poetry, among other topics.<\/p>\n\n\n\n<hr class=\"wp-block-separator alignwide has-alpha-channel-opacity is-style-wide separador-mais-info\"\/>\n\n\n\n<p><\/p>\n\n\n<\/div><\/div>\n","protected":false},"excerpt":{"rendered":"<p>The book \u201cRomance de Dom Dinis, El-Rey que (nom) fez tudo tudo<\/p>\n","protected":false},"author":3,"featured_media":8126,"comment_status":"closed","ping_status":"closed","sticky":false,"template":"","format":"standard","meta":{"_eb_attr":"","inline_featured_image":false,"advgb_blocks_editor_width":"","advgb_blocks_columns_visual_guide":"","footnotes":"","_links_to":"","_links_to_target":""},"categories":[61],"tags":[139],"class_list":["post-8154","post","type-post","status-publish","format-standard","has-post-thumbnail","hentry","category-news","tag-dissemination"],"yoast_head":"<!-- This site is optimized with the Yoast SEO plugin v27.4 - https:\/\/yoast.com\/product\/yoast-seo-wordpress\/ -->\n<title>Presentation of the book &quot;Romance de Dom Dinis&quot; will take place on July 20 - CIAC<\/title>\n<meta name=\"robots\" content=\"index, follow, max-snippet:-1, max-image-preview:large, max-video-preview:-1\" \/>\n<link rel=\"canonical\" href=\"https:\/\/ciac.pt\/en\/news\/the-presentation-of-the-book-romance-de-dom-dinis-will-take-place-on-july-20\/\" \/>\n<meta property=\"og:locale\" content=\"en_US\" \/>\n<meta property=\"og:type\" content=\"article\" \/>\n<meta property=\"og:title\" content=\"Presentation of the book &quot;Romance de Dom Dinis&quot; will take place on July 20 - CIAC\" \/>\n<meta property=\"og:description\" content=\"The book \u201cRomance de Dom Dinis, El-Rey que (nom) fez tudo tudo\" \/>\n<meta property=\"og:url\" content=\"https:\/\/ciac.pt\/en\/news\/the-presentation-of-the-book-romance-de-dom-dinis-will-take-place-on-july-20\/\" \/>\n<meta property=\"og:site_name\" content=\"CIAC\" \/>\n<meta property=\"article:published_time\" content=\"2024-07-15T13:41:00+00:00\" \/>\n<meta property=\"article:modified_time\" content=\"2024-08-27T14:26:59+00:00\" \/>\n<meta property=\"og:image\" content=\"https:\/\/ciac.pt\/wp-content\/uploads\/2024\/07\/livro-da-apresentscao-o-romance-de-d.dinis_.jpg\" \/>\n\t<meta property=\"og:image:width\" content=\"1\" \/>\n\t<meta property=\"og:image:height\" content=\"1\" \/>\n\t<meta property=\"og:image:type\" content=\"image\/jpeg\" \/>\n<meta name=\"author\" content=\"editor1\" \/>\n<meta name=\"twitter:card\" content=\"summary_large_image\" \/>\n<meta name=\"twitter:label1\" content=\"Written by\" \/>\n\t<meta name=\"twitter:data1\" content=\"editor1\" \/>\n\t<meta name=\"twitter:label2\" content=\"Est. reading time\" \/>\n\t<meta name=\"twitter:data2\" content=\"1 minute\" \/>\n<script type=\"application\/ld+json\" class=\"yoast-schema-graph\">{\"@context\":\"https:\\\/\\\/schema.org\",\"@graph\":[{\"@type\":\"Article\",\"@id\":\"https:\\\/\\\/ciac.pt\\\/en\\\/news\\\/the-presentation-of-the-book-romance-de-dom-dinis-will-take-place-on-july-20\\\/#article\",\"isPartOf\":{\"@id\":\"https:\\\/\\\/ciac.pt\\\/en\\\/news\\\/the-presentation-of-the-book-romance-de-dom-dinis-will-take-place-on-july-20\\\/\"},\"author\":{\"name\":\"editor1\",\"@id\":\"https:\\\/\\\/ciac.pt\\\/en\\\/#\\\/schema\\\/person\\\/3def46b976d3f4c0cdcf7c417cb570be\"},\"headline\":\"Presentation of the book &#8220;Romance de Dom Dinis&#8221; will take place on July 20\",\"datePublished\":\"2024-07-15T13:41:00+00:00\",\"dateModified\":\"2024-08-27T14:26:59+00:00\",\"mainEntityOfPage\":{\"@id\":\"https:\\\/\\\/ciac.pt\\\/en\\\/news\\\/the-presentation-of-the-book-romance-de-dom-dinis-will-take-place-on-july-20\\\/\"},\"wordCount\":212,\"publisher\":{\"@id\":\"https:\\\/\\\/ciac.pt\\\/en\\\/#organization\"},\"image\":{\"@id\":\"https:\\\/\\\/ciac.pt\\\/en\\\/news\\\/the-presentation-of-the-book-romance-de-dom-dinis-will-take-place-on-july-20\\\/#primaryimage\"},\"thumbnailUrl\":\"https:\\\/\\\/ciac.pt\\\/wp-content\\\/uploads\\\/2024\\\/07\\\/livro-da-apresentscao-o-romance-de-d.dinis_.jpg\",\"keywords\":[\"Dissemination\"],\"articleSection\":[\"News\"],\"inLanguage\":\"en-US\"},{\"@type\":\"WebPage\",\"@id\":\"https:\\\/\\\/ciac.pt\\\/en\\\/news\\\/the-presentation-of-the-book-romance-de-dom-dinis-will-take-place-on-july-20\\\/\",\"url\":\"https:\\\/\\\/ciac.pt\\\/en\\\/news\\\/the-presentation-of-the-book-romance-de-dom-dinis-will-take-place-on-july-20\\\/\",\"name\":\"Presentation of the book \\\"Romance de Dom Dinis\\\" will take place on July 20 - CIAC\",\"isPartOf\":{\"@id\":\"https:\\\/\\\/ciac.pt\\\/en\\\/#website\"},\"primaryImageOfPage\":{\"@id\":\"https:\\\/\\\/ciac.pt\\\/en\\\/news\\\/the-presentation-of-the-book-romance-de-dom-dinis-will-take-place-on-july-20\\\/#primaryimage\"},\"image\":{\"@id\":\"https:\\\/\\\/ciac.pt\\\/en\\\/news\\\/the-presentation-of-the-book-romance-de-dom-dinis-will-take-place-on-july-20\\\/#primaryimage\"},\"thumbnailUrl\":\"https:\\\/\\\/ciac.pt\\\/wp-content\\\/uploads\\\/2024\\\/07\\\/livro-da-apresentscao-o-romance-de-d.dinis_.jpg\",\"datePublished\":\"2024-07-15T13:41:00+00:00\",\"dateModified\":\"2024-08-27T14:26:59+00:00\",\"breadcrumb\":{\"@id\":\"https:\\\/\\\/ciac.pt\\\/en\\\/news\\\/the-presentation-of-the-book-romance-de-dom-dinis-will-take-place-on-july-20\\\/#breadcrumb\"},\"inLanguage\":\"en-US\",\"potentialAction\":[{\"@type\":\"ReadAction\",\"target\":[\"https:\\\/\\\/ciac.pt\\\/en\\\/news\\\/the-presentation-of-the-book-romance-de-dom-dinis-will-take-place-on-july-20\\\/\"]}]},{\"@type\":\"ImageObject\",\"inLanguage\":\"en-US\",\"@id\":\"https:\\\/\\\/ciac.pt\\\/en\\\/news\\\/the-presentation-of-the-book-romance-de-dom-dinis-will-take-place-on-july-20\\\/#primaryimage\",\"url\":\"https:\\\/\\\/ciac.pt\\\/wp-content\\\/uploads\\\/2024\\\/07\\\/livro-da-apresentscao-o-romance-de-d.dinis_.jpg\",\"contentUrl\":\"https:\\\/\\\/ciac.pt\\\/wp-content\\\/uploads\\\/2024\\\/07\\\/livro-da-apresentscao-o-romance-de-d.dinis_.jpg\"},{\"@type\":\"BreadcrumbList\",\"@id\":\"https:\\\/\\\/ciac.pt\\\/en\\\/news\\\/the-presentation-of-the-book-romance-de-dom-dinis-will-take-place-on-july-20\\\/#breadcrumb\",\"itemListElement\":[{\"@type\":\"ListItem\",\"position\":1,\"name\":\"In\u00edcio\",\"item\":\"https:\\\/\\\/ciac.pt\\\/en\\\/\"},{\"@type\":\"ListItem\",\"position\":2,\"name\":\"Presentation of the book &#8220;Romance de Dom Dinis&#8221; will take place on July 20\"}]},{\"@type\":\"WebSite\",\"@id\":\"https:\\\/\\\/ciac.pt\\\/en\\\/#website\",\"url\":\"https:\\\/\\\/ciac.pt\\\/en\\\/\",\"name\":\"CIAC\",\"description\":\"Centro de Investiga\u00e7\u00e3o em Artes e Comunica\u00e7\u00e3o\",\"publisher\":{\"@id\":\"https:\\\/\\\/ciac.pt\\\/en\\\/#organization\"},\"potentialAction\":[{\"@type\":\"SearchAction\",\"target\":{\"@type\":\"EntryPoint\",\"urlTemplate\":\"https:\\\/\\\/ciac.pt\\\/en\\\/?s={search_term_string}\"},\"query-input\":{\"@type\":\"PropertyValueSpecification\",\"valueRequired\":true,\"valueName\":\"search_term_string\"}}],\"inLanguage\":\"en-US\"},{\"@type\":\"Organization\",\"@id\":\"https:\\\/\\\/ciac.pt\\\/en\\\/#organization\",\"name\":\"CIAC\",\"url\":\"https:\\\/\\\/ciac.pt\\\/en\\\/\",\"logo\":{\"@type\":\"ImageObject\",\"inLanguage\":\"en-US\",\"@id\":\"https:\\\/\\\/ciac.pt\\\/en\\\/#\\\/schema\\\/logo\\\/image\\\/\",\"url\":\"https:\\\/\\\/ciac.pt\\\/wp-content\\\/uploads\\\/2022\\\/06\\\/logo.svg\",\"contentUrl\":\"https:\\\/\\\/ciac.pt\\\/wp-content\\\/uploads\\\/2022\\\/06\\\/logo.svg\",\"width\":184,\"height\":51,\"caption\":\"CIAC\"},\"image\":{\"@id\":\"https:\\\/\\\/ciac.pt\\\/en\\\/#\\\/schema\\\/logo\\\/image\\\/\"}},{\"@type\":\"Person\",\"@id\":\"https:\\\/\\\/ciac.pt\\\/en\\\/#\\\/schema\\\/person\\\/3def46b976d3f4c0cdcf7c417cb570be\",\"name\":\"editor1\",\"image\":{\"@type\":\"ImageObject\",\"inLanguage\":\"en-US\",\"@id\":\"https:\\\/\\\/secure.gravatar.com\\\/avatar\\\/4d8eb3157f61df03731fd8bf031b56d1d9241759e8f8c07d4d7e51d2f858c821?s=96&d=mm&r=g\",\"url\":\"https:\\\/\\\/secure.gravatar.com\\\/avatar\\\/4d8eb3157f61df03731fd8bf031b56d1d9241759e8f8c07d4d7e51d2f858c821?s=96&d=mm&r=g\",\"contentUrl\":\"https:\\\/\\\/secure.gravatar.com\\\/avatar\\\/4d8eb3157f61df03731fd8bf031b56d1d9241759e8f8c07d4d7e51d2f858c821?s=96&d=mm&r=g\",\"caption\":\"editor1\"},\"url\":\"https:\\\/\\\/ciac.pt\\\/en\\\/author\\\/editor1\\\/\"}]}<\/script>\n<!-- \/ Yoast SEO plugin. -->","yoast_head_json":{"title":"Presentation of the book \"Romance de Dom Dinis\" will take place on July 20 - CIAC","robots":{"index":"index","follow":"follow","max-snippet":"max-snippet:-1","max-image-preview":"max-image-preview:large","max-video-preview":"max-video-preview:-1"},"canonical":"https:\/\/ciac.pt\/en\/news\/the-presentation-of-the-book-romance-de-dom-dinis-will-take-place-on-july-20\/","og_locale":"en_US","og_type":"article","og_title":"Presentation of the book \"Romance de Dom Dinis\" will take place on July 20 - CIAC","og_description":"The book \u201cRomance de Dom Dinis, El-Rey que (nom) fez tudo tudo","og_url":"https:\/\/ciac.pt\/en\/news\/the-presentation-of-the-book-romance-de-dom-dinis-will-take-place-on-july-20\/","og_site_name":"CIAC","article_published_time":"2024-07-15T13:41:00+00:00","article_modified_time":"2024-08-27T14:26:59+00:00","og_image":[{"url":"https:\/\/ciac.pt\/wp-content\/uploads\/2024\/07\/livro-da-apresentscao-o-romance-de-d.dinis_.jpg","width":1,"height":1,"type":"image\/jpeg"}],"author":"editor1","twitter_card":"summary_large_image","twitter_misc":{"Written by":"editor1","Est. reading time":"1 minute"},"schema":{"@context":"https:\/\/schema.org","@graph":[{"@type":"Article","@id":"https:\/\/ciac.pt\/en\/news\/the-presentation-of-the-book-romance-de-dom-dinis-will-take-place-on-july-20\/#article","isPartOf":{"@id":"https:\/\/ciac.pt\/en\/news\/the-presentation-of-the-book-romance-de-dom-dinis-will-take-place-on-july-20\/"},"author":{"name":"editor1","@id":"https:\/\/ciac.pt\/en\/#\/schema\/person\/3def46b976d3f4c0cdcf7c417cb570be"},"headline":"Presentation of the book &#8220;Romance de Dom Dinis&#8221; will take place on July 20","datePublished":"2024-07-15T13:41:00+00:00","dateModified":"2024-08-27T14:26:59+00:00","mainEntityOfPage":{"@id":"https:\/\/ciac.pt\/en\/news\/the-presentation-of-the-book-romance-de-dom-dinis-will-take-place-on-july-20\/"},"wordCount":212,"publisher":{"@id":"https:\/\/ciac.pt\/en\/#organization"},"image":{"@id":"https:\/\/ciac.pt\/en\/news\/the-presentation-of-the-book-romance-de-dom-dinis-will-take-place-on-july-20\/#primaryimage"},"thumbnailUrl":"https:\/\/ciac.pt\/wp-content\/uploads\/2024\/07\/livro-da-apresentscao-o-romance-de-d.dinis_.jpg","keywords":["Dissemination"],"articleSection":["News"],"inLanguage":"en-US"},{"@type":"WebPage","@id":"https:\/\/ciac.pt\/en\/news\/the-presentation-of-the-book-romance-de-dom-dinis-will-take-place-on-july-20\/","url":"https:\/\/ciac.pt\/en\/news\/the-presentation-of-the-book-romance-de-dom-dinis-will-take-place-on-july-20\/","name":"Presentation of the book \"Romance de Dom Dinis\" will take place on July 20 - CIAC","isPartOf":{"@id":"https:\/\/ciac.pt\/en\/#website"},"primaryImageOfPage":{"@id":"https:\/\/ciac.pt\/en\/news\/the-presentation-of-the-book-romance-de-dom-dinis-will-take-place-on-july-20\/#primaryimage"},"image":{"@id":"https:\/\/ciac.pt\/en\/news\/the-presentation-of-the-book-romance-de-dom-dinis-will-take-place-on-july-20\/#primaryimage"},"thumbnailUrl":"https:\/\/ciac.pt\/wp-content\/uploads\/2024\/07\/livro-da-apresentscao-o-romance-de-d.dinis_.jpg","datePublished":"2024-07-15T13:41:00+00:00","dateModified":"2024-08-27T14:26:59+00:00","breadcrumb":{"@id":"https:\/\/ciac.pt\/en\/news\/the-presentation-of-the-book-romance-de-dom-dinis-will-take-place-on-july-20\/#breadcrumb"},"inLanguage":"en-US","potentialAction":[{"@type":"ReadAction","target":["https:\/\/ciac.pt\/en\/news\/the-presentation-of-the-book-romance-de-dom-dinis-will-take-place-on-july-20\/"]}]},{"@type":"ImageObject","inLanguage":"en-US","@id":"https:\/\/ciac.pt\/en\/news\/the-presentation-of-the-book-romance-de-dom-dinis-will-take-place-on-july-20\/#primaryimage","url":"https:\/\/ciac.pt\/wp-content\/uploads\/2024\/07\/livro-da-apresentscao-o-romance-de-d.dinis_.jpg","contentUrl":"https:\/\/ciac.pt\/wp-content\/uploads\/2024\/07\/livro-da-apresentscao-o-romance-de-d.dinis_.jpg"},{"@type":"BreadcrumbList","@id":"https:\/\/ciac.pt\/en\/news\/the-presentation-of-the-book-romance-de-dom-dinis-will-take-place-on-july-20\/#breadcrumb","itemListElement":[{"@type":"ListItem","position":1,"name":"In\u00edcio","item":"https:\/\/ciac.pt\/en\/"},{"@type":"ListItem","position":2,"name":"Presentation of the book &#8220;Romance de Dom Dinis&#8221; will take place on July 20"}]},{"@type":"WebSite","@id":"https:\/\/ciac.pt\/en\/#website","url":"https:\/\/ciac.pt\/en\/","name":"CIAC","description":"Centro de Investiga\u00e7\u00e3o em Artes e Comunica\u00e7\u00e3o","publisher":{"@id":"https:\/\/ciac.pt\/en\/#organization"},"potentialAction":[{"@type":"SearchAction","target":{"@type":"EntryPoint","urlTemplate":"https:\/\/ciac.pt\/en\/?s={search_term_string}"},"query-input":{"@type":"PropertyValueSpecification","valueRequired":true,"valueName":"search_term_string"}}],"inLanguage":"en-US"},{"@type":"Organization","@id":"https:\/\/ciac.pt\/en\/#organization","name":"CIAC","url":"https:\/\/ciac.pt\/en\/","logo":{"@type":"ImageObject","inLanguage":"en-US","@id":"https:\/\/ciac.pt\/en\/#\/schema\/logo\/image\/","url":"https:\/\/ciac.pt\/wp-content\/uploads\/2022\/06\/logo.svg","contentUrl":"https:\/\/ciac.pt\/wp-content\/uploads\/2022\/06\/logo.svg","width":184,"height":51,"caption":"CIAC"},"image":{"@id":"https:\/\/ciac.pt\/en\/#\/schema\/logo\/image\/"}},{"@type":"Person","@id":"https:\/\/ciac.pt\/en\/#\/schema\/person\/3def46b976d3f4c0cdcf7c417cb570be","name":"editor1","image":{"@type":"ImageObject","inLanguage":"en-US","@id":"https:\/\/secure.gravatar.com\/avatar\/4d8eb3157f61df03731fd8bf031b56d1d9241759e8f8c07d4d7e51d2f858c821?s=96&d=mm&r=g","url":"https:\/\/secure.gravatar.com\/avatar\/4d8eb3157f61df03731fd8bf031b56d1d9241759e8f8c07d4d7e51d2f858c821?s=96&d=mm&r=g","contentUrl":"https:\/\/secure.gravatar.com\/avatar\/4d8eb3157f61df03731fd8bf031b56d1d9241759e8f8c07d4d7e51d2f858c821?s=96&d=mm&r=g","caption":"editor1"},"url":"https:\/\/ciac.pt\/en\/author\/editor1\/"}]}},"author_meta":{"display_name":"editor1","author_link":"https:\/\/ciac.pt\/en\/author\/editor1\/"},"featured_img":"https:\/\/ciac.pt\/wp-content\/uploads\/2024\/07\/livro-da-apresentscao-o-romance-de-d.dinis_.jpg","coauthors":[],"tax_additional":{"categories":{"linked":["<a href=\"https:\/\/ciac.pt\/en\/.\/news\/\" class=\"advgb-post-tax-term\">News<\/a>"],"unlinked":["<span class=\"advgb-post-tax-term\">News<\/span>"]},"tags":{"linked":["<a href=\"https:\/\/ciac.pt\/en\/.\/news\/\" class=\"advgb-post-tax-term\">Dissemination<\/a>"],"unlinked":["<span class=\"advgb-post-tax-term\">Dissemination<\/span>"]}},"comment_count":0,"relative_dates":{"created":"Posted 2 years ago","modified":"Updated 2 years ago"},"absolute_dates":{"created":"Posted on 15\/07\/2024","modified":"Updated on 27\/08\/2024"},"absolute_dates_time":{"created":"Posted on 15\/07\/2024 14:41","modified":"Updated on 27\/08\/2024 15:26"},"featured_img_caption":"","series_order":"","_links":{"self":[{"href":"https:\/\/ciac.pt\/en\/wp-json\/wp\/v2\/posts\/8154","targetHints":{"allow":["GET"]}}],"collection":[{"href":"https:\/\/ciac.pt\/en\/wp-json\/wp\/v2\/posts"}],"about":[{"href":"https:\/\/ciac.pt\/en\/wp-json\/wp\/v2\/types\/post"}],"author":[{"embeddable":true,"href":"https:\/\/ciac.pt\/en\/wp-json\/wp\/v2\/users\/3"}],"replies":[{"embeddable":true,"href":"https:\/\/ciac.pt\/en\/wp-json\/wp\/v2\/comments?post=8154"}],"version-history":[{"count":2,"href":"https:\/\/ciac.pt\/en\/wp-json\/wp\/v2\/posts\/8154\/revisions"}],"predecessor-version":[{"id":8165,"href":"https:\/\/ciac.pt\/en\/wp-json\/wp\/v2\/posts\/8154\/revisions\/8165"}],"wp:featuredmedia":[{"embeddable":true,"href":"https:\/\/ciac.pt\/en\/wp-json\/wp\/v2\/media\/8126"}],"wp:attachment":[{"href":"https:\/\/ciac.pt\/en\/wp-json\/wp\/v2\/media?parent=8154"}],"wp:term":[{"taxonomy":"category","embeddable":true,"href":"https:\/\/ciac.pt\/en\/wp-json\/wp\/v2\/categories?post=8154"},{"taxonomy":"post_tag","embeddable":true,"href":"https:\/\/ciac.pt\/en\/wp-json\/wp\/v2\/tags?post=8154"}],"curies":[{"name":"wp","href":"https:\/\/api.w.org\/{rel}","templated":true}]}}