{"id":8378,"date":"2024-08-28T10:06:18","date_gmt":"2024-08-28T09:06:18","guid":{"rendered":"https:\/\/ciac.pt\/?p=8378"},"modified":"2024-08-28T10:06:20","modified_gmt":"2024-08-28T09:06:20","slug":"antonio-costa-valente-is-part-of-the-europa-cinemas-jury-at-the-venice-film-festival","status":"publish","type":"post","link":"https:\/\/ciac.pt\/en\/news\/antonio-costa-valente-is-part-of-the-europa-cinemas-jury-at-the-venice-film-festival\/","title":{"rendered":"Ant\u00f3nio Costa Valente is part of the Europa Cinemas jury at the Venice Film Festival"},"content":{"rendered":"\n<div class=\"wp-block-group alignwide\"><div class=\"wp-block-group__inner-container is-layout-constrained wp-block-group-is-layout-constrained\">\n\n\n\n\n<figure class=\"wp-block-image size-full is-resized\"><a href=\"https:\/\/ciac.pt\/wp-content\/uploads\/2024\/08\/avalente_venezia.jpg\"><img decoding=\"async\" data-src=\"https:\/\/ciac.pt\/wp-content\/uploads\/2024\/08\/avalente_venezia.jpg\" alt=\"\" class=\"wp-image-8364 lazyload\" style=\"--smush-placeholder-width: 1620px; --smush-placeholder-aspect-ratio: 1620\/1215;width:auto;height:300px\" src=\"data:image\/svg+xml;base64,PHN2ZyB3aWR0aD0iMSIgaGVpZ2h0PSIxIiB4bWxucz0iaHR0cDovL3d3dy53My5vcmcvMjAwMC9zdmciPjwvc3ZnPg==\" \/><\/a><\/figure>\n\n\n<h1 class=\"wp-block-post-title\">Ant\u00f3nio Costa Valente is part of the Europa Cinemas jury at the Venice Film Festival<\/h1>\n\n<div class=\"wp-block-post-date has-text-color has-cyan-bluish-gray-color\"><time datetime=\"2024-08-28T10:06:18+01:00\">28\/08\/2024<\/time><\/div>\n\n\n<hr class=\"wp-block-separator has-text-color has-white-color has-alpha-channel-opacity has-white-background-color has-background\"\/>\n\n\n\n<p>Ant\u00f3nio Costa Valente is part of the Europa Cinemas jury of Giornate degli Autori of the <em>81. Mostra Internazionale d\u2019Arte Cinematografica da Bienal de Veneza.<\/em><\/p>\n\n\n\n<p>Curator of the film programming of the Mandatory Plan in \u201cOs Filmes das Nossas ter\u00e7as\u201d, in the \u201cTeatro Aveirense\u201d, Ant\u00f3nio Costa Valente has developed research projects in the area of film programming, integrating the CIAC \u2013 Research Center in Arts and Communication at the University of Algarve, where he is a professor. Also directs the AVANCA Film Festival, which will have its 29th edition in 2025 and has been producing and directing films under the Cine Clube de Avanca.<\/p>\n\n\n\n<p>The Europa Cinemas label is awarded to films produced and co-produced in Europe. Created by a network of European exhibitors, with the support of the MEDIA Programme of the European Union, the prize is monetary and intended for the distribution and promotion of the winning film, along with its screening in cinemas belonging to the Europa Cinemas network.<\/p>\n\n\n\n<p>Supported since its creation by the European Commission (Creative Europe \/ MEDIA) and by the CNC (France), Europa Cinemas is the first cinema chain focused on European films. Founded in 1992 by a group of thirty cinema exhibitors, it has become a chain of 1,263 cinemas and 3,121 screens in 39 countries in 30 years.<\/p>\n\n\n\n<p>The Europa Cinemas jury also consists of the programmers: Daira \u0100boli\u0146a (Splendid Palace, Riga, Let\u00f3nia), Andrea Porta (Cinema Teatro Nuovo, Varese, It\u00e1lia) e Jana Trnkov\u00e1 (Kino Sv\u011btozor, Prague, Ch\u00e9quia).<\/p>\n\n\n\n<p>As the oldest of the most important film festivals in the world, the Venice Film Festival begins on August 28 and runs until September 7, when the winner of the Europa Cinemas Award will be announced.<\/p>\n\n\n\n<p>More information (<a href=\"https:\/\/www.giornatedegliautori.com\/edizione-2024\/giuria\/\" data-type=\"link\" data-id=\"https:\/\/www.giornatedegliautori.com\/edizione-2024\/giuria\/\">here<\/a>).<\/p>\n\n\n\n<hr class=\"wp-block-separator alignwide has-alpha-channel-opacity is-style-wide separador-mais-info\"\/>\n\n\n<\/div><\/div>\n","protected":false},"excerpt":{"rendered":"<p>Ant\u00f3nio Costa Valente is part of the Europa Cinemas jury of Giornate<\/p>\n","protected":false},"author":4,"featured_media":8365,"comment_status":"closed","ping_status":"closed","sticky":false,"template":"","format":"standard","meta":{"_eb_attr":"","inline_featured_image":false,"advgb_blocks_editor_width":"","advgb_blocks_columns_visual_guide":"","footnotes":"","_links_to":"","_links_to_target":""},"categories":[61],"tags":[122],"class_list":["post-8378","post","type-post","status-publish","format-standard","has-post-thumbnail","hentry","category-news","tag-news"],"yoast_head":"<!-- This site is optimized with the Yoast SEO plugin v27.4 - https:\/\/yoast.com\/product\/yoast-seo-wordpress\/ -->\n<title>Ant\u00f3nio Costa Valente is part of the Europa Cinemas jury at the Venice Film Festival - CIAC<\/title>\n<meta name=\"robots\" content=\"index, follow, max-snippet:-1, max-image-preview:large, max-video-preview:-1\" \/>\n<link rel=\"canonical\" href=\"https:\/\/ciac.pt\/en\/news\/antonio-costa-valente-is-part-of-the-europa-cinemas-jury-at-the-venice-film-festival\/\" \/>\n<meta property=\"og:locale\" content=\"en_US\" \/>\n<meta property=\"og:type\" content=\"article\" \/>\n<meta property=\"og:title\" content=\"Ant\u00f3nio Costa Valente is part of the Europa Cinemas jury at the Venice Film Festival - CIAC\" \/>\n<meta property=\"og:description\" content=\"Ant\u00f3nio Costa Valente is part of the Europa Cinemas jury of Giornate\" \/>\n<meta property=\"og:url\" content=\"https:\/\/ciac.pt\/en\/news\/antonio-costa-valente-is-part-of-the-europa-cinemas-jury-at-the-venice-film-festival\/\" \/>\n<meta property=\"og:site_name\" content=\"CIAC\" \/>\n<meta property=\"article:published_time\" content=\"2024-08-28T09:06:18+00:00\" \/>\n<meta property=\"article:modified_time\" content=\"2024-08-28T09:06:20+00:00\" \/>\n<meta property=\"og:image\" content=\"https:\/\/ciac.pt\/wp-content\/uploads\/2024\/08\/avalente_venezia.jpg\" \/>\n\t<meta property=\"og:image:width\" content=\"1\" \/>\n\t<meta property=\"og:image:height\" content=\"1\" \/>\n\t<meta property=\"og:image:type\" content=\"image\/jpeg\" \/>\n<meta name=\"author\" content=\"editor2\" \/>\n<meta name=\"twitter:card\" content=\"summary_large_image\" \/>\n<meta name=\"twitter:label1\" content=\"Written by\" \/>\n\t<meta name=\"twitter:data1\" content=\"editor2\" \/>\n\t<meta name=\"twitter:label2\" content=\"Est. reading time\" \/>\n\t<meta name=\"twitter:data2\" content=\"1 minute\" \/>\n<script type=\"application\/ld+json\" class=\"yoast-schema-graph\">{\"@context\":\"https:\\\/\\\/schema.org\",\"@graph\":[{\"@type\":\"Article\",\"@id\":\"https:\\\/\\\/ciac.pt\\\/en\\\/news\\\/antonio-costa-valente-is-part-of-the-europa-cinemas-jury-at-the-venice-film-festival\\\/#article\",\"isPartOf\":{\"@id\":\"https:\\\/\\\/ciac.pt\\\/en\\\/news\\\/antonio-costa-valente-is-part-of-the-europa-cinemas-jury-at-the-venice-film-festival\\\/\"},\"author\":{\"name\":\"editor2\",\"@id\":\"https:\\\/\\\/ciac.pt\\\/en\\\/#\\\/schema\\\/person\\\/9c77bada9bcc70961fd0ee149ad39064\"},\"headline\":\"Ant\u00f3nio Costa Valente is part of the Europa Cinemas jury at the Venice Film Festival\",\"datePublished\":\"2024-08-28T09:06:18+00:00\",\"dateModified\":\"2024-08-28T09:06:20+00:00\",\"mainEntityOfPage\":{\"@id\":\"https:\\\/\\\/ciac.pt\\\/en\\\/news\\\/antonio-costa-valente-is-part-of-the-europa-cinemas-jury-at-the-venice-film-festival\\\/\"},\"wordCount\":302,\"publisher\":{\"@id\":\"https:\\\/\\\/ciac.pt\\\/en\\\/#organization\"},\"image\":{\"@id\":\"https:\\\/\\\/ciac.pt\\\/en\\\/news\\\/antonio-costa-valente-is-part-of-the-europa-cinemas-jury-at-the-venice-film-festival\\\/#primaryimage\"},\"thumbnailUrl\":\"https:\\\/\\\/ciac.pt\\\/wp-content\\\/uploads\\\/2024\\\/08\\\/avalente_venezia.jpg\",\"keywords\":[\"News\"],\"articleSection\":[\"News\"],\"inLanguage\":\"en-US\"},{\"@type\":\"WebPage\",\"@id\":\"https:\\\/\\\/ciac.pt\\\/en\\\/news\\\/antonio-costa-valente-is-part-of-the-europa-cinemas-jury-at-the-venice-film-festival\\\/\",\"url\":\"https:\\\/\\\/ciac.pt\\\/en\\\/news\\\/antonio-costa-valente-is-part-of-the-europa-cinemas-jury-at-the-venice-film-festival\\\/\",\"name\":\"Ant\u00f3nio Costa Valente is part of the Europa Cinemas jury at the Venice Film Festival - CIAC\",\"isPartOf\":{\"@id\":\"https:\\\/\\\/ciac.pt\\\/en\\\/#website\"},\"primaryImageOfPage\":{\"@id\":\"https:\\\/\\\/ciac.pt\\\/en\\\/news\\\/antonio-costa-valente-is-part-of-the-europa-cinemas-jury-at-the-venice-film-festival\\\/#primaryimage\"},\"image\":{\"@id\":\"https:\\\/\\\/ciac.pt\\\/en\\\/news\\\/antonio-costa-valente-is-part-of-the-europa-cinemas-jury-at-the-venice-film-festival\\\/#primaryimage\"},\"thumbnailUrl\":\"https:\\\/\\\/ciac.pt\\\/wp-content\\\/uploads\\\/2024\\\/08\\\/avalente_venezia.jpg\",\"datePublished\":\"2024-08-28T09:06:18+00:00\",\"dateModified\":\"2024-08-28T09:06:20+00:00\",\"breadcrumb\":{\"@id\":\"https:\\\/\\\/ciac.pt\\\/en\\\/news\\\/antonio-costa-valente-is-part-of-the-europa-cinemas-jury-at-the-venice-film-festival\\\/#breadcrumb\"},\"inLanguage\":\"en-US\",\"potentialAction\":[{\"@type\":\"ReadAction\",\"target\":[\"https:\\\/\\\/ciac.pt\\\/en\\\/news\\\/antonio-costa-valente-is-part-of-the-europa-cinemas-jury-at-the-venice-film-festival\\\/\"]}]},{\"@type\":\"ImageObject\",\"inLanguage\":\"en-US\",\"@id\":\"https:\\\/\\\/ciac.pt\\\/en\\\/news\\\/antonio-costa-valente-is-part-of-the-europa-cinemas-jury-at-the-venice-film-festival\\\/#primaryimage\",\"url\":\"https:\\\/\\\/ciac.pt\\\/wp-content\\\/uploads\\\/2024\\\/08\\\/avalente_venezia.jpg\",\"contentUrl\":\"https:\\\/\\\/ciac.pt\\\/wp-content\\\/uploads\\\/2024\\\/08\\\/avalente_venezia.jpg\"},{\"@type\":\"BreadcrumbList\",\"@id\":\"https:\\\/\\\/ciac.pt\\\/en\\\/news\\\/antonio-costa-valente-is-part-of-the-europa-cinemas-jury-at-the-venice-film-festival\\\/#breadcrumb\",\"itemListElement\":[{\"@type\":\"ListItem\",\"position\":1,\"name\":\"In\u00edcio\",\"item\":\"https:\\\/\\\/ciac.pt\\\/en\\\/\"},{\"@type\":\"ListItem\",\"position\":2,\"name\":\"Ant\u00f3nio Costa Valente is part of the Europa Cinemas jury at the Venice Film Festival\"}]},{\"@type\":\"WebSite\",\"@id\":\"https:\\\/\\\/ciac.pt\\\/en\\\/#website\",\"url\":\"https:\\\/\\\/ciac.pt\\\/en\\\/\",\"name\":\"CIAC\",\"description\":\"Centro de Investiga\u00e7\u00e3o em Artes e Comunica\u00e7\u00e3o\",\"publisher\":{\"@id\":\"https:\\\/\\\/ciac.pt\\\/en\\\/#organization\"},\"potentialAction\":[{\"@type\":\"SearchAction\",\"target\":{\"@type\":\"EntryPoint\",\"urlTemplate\":\"https:\\\/\\\/ciac.pt\\\/en\\\/?s={search_term_string}\"},\"query-input\":{\"@type\":\"PropertyValueSpecification\",\"valueRequired\":true,\"valueName\":\"search_term_string\"}}],\"inLanguage\":\"en-US\"},{\"@type\":\"Organization\",\"@id\":\"https:\\\/\\\/ciac.pt\\\/en\\\/#organization\",\"name\":\"CIAC\",\"url\":\"https:\\\/\\\/ciac.pt\\\/en\\\/\",\"logo\":{\"@type\":\"ImageObject\",\"inLanguage\":\"en-US\",\"@id\":\"https:\\\/\\\/ciac.pt\\\/en\\\/#\\\/schema\\\/logo\\\/image\\\/\",\"url\":\"https:\\\/\\\/ciac.pt\\\/wp-content\\\/uploads\\\/2022\\\/06\\\/logo.svg\",\"contentUrl\":\"https:\\\/\\\/ciac.pt\\\/wp-content\\\/uploads\\\/2022\\\/06\\\/logo.svg\",\"width\":184,\"height\":51,\"caption\":\"CIAC\"},\"image\":{\"@id\":\"https:\\\/\\\/ciac.pt\\\/en\\\/#\\\/schema\\\/logo\\\/image\\\/\"}},{\"@type\":\"Person\",\"@id\":\"https:\\\/\\\/ciac.pt\\\/en\\\/#\\\/schema\\\/person\\\/9c77bada9bcc70961fd0ee149ad39064\",\"name\":\"editor2\",\"image\":{\"@type\":\"ImageObject\",\"inLanguage\":\"en-US\",\"@id\":\"https:\\\/\\\/secure.gravatar.com\\\/avatar\\\/?s=96&d=mm&r=g\",\"url\":\"https:\\\/\\\/secure.gravatar.com\\\/avatar\\\/?s=96&d=mm&r=g\",\"contentUrl\":\"https:\\\/\\\/secure.gravatar.com\\\/avatar\\\/?s=96&d=mm&r=g\",\"caption\":\"editor2\"},\"url\":\"https:\\\/\\\/ciac.pt\\\/en\\\/author\\\/editor2\\\/\"}]}<\/script>\n<!-- \/ Yoast SEO plugin. -->","yoast_head_json":{"title":"Ant\u00f3nio Costa Valente is part of the Europa Cinemas jury at the Venice Film Festival - CIAC","robots":{"index":"index","follow":"follow","max-snippet":"max-snippet:-1","max-image-preview":"max-image-preview:large","max-video-preview":"max-video-preview:-1"},"canonical":"https:\/\/ciac.pt\/en\/news\/antonio-costa-valente-is-part-of-the-europa-cinemas-jury-at-the-venice-film-festival\/","og_locale":"en_US","og_type":"article","og_title":"Ant\u00f3nio Costa Valente is part of the Europa Cinemas jury at the Venice Film Festival - CIAC","og_description":"Ant\u00f3nio Costa Valente is part of the Europa Cinemas jury of Giornate","og_url":"https:\/\/ciac.pt\/en\/news\/antonio-costa-valente-is-part-of-the-europa-cinemas-jury-at-the-venice-film-festival\/","og_site_name":"CIAC","article_published_time":"2024-08-28T09:06:18+00:00","article_modified_time":"2024-08-28T09:06:20+00:00","og_image":[{"url":"https:\/\/ciac.pt\/wp-content\/uploads\/2024\/08\/avalente_venezia.jpg","width":1,"height":1,"type":"image\/jpeg"}],"author":"editor2","twitter_card":"summary_large_image","twitter_misc":{"Written by":"editor2","Est. reading time":"1 minute"},"schema":{"@context":"https:\/\/schema.org","@graph":[{"@type":"Article","@id":"https:\/\/ciac.pt\/en\/news\/antonio-costa-valente-is-part-of-the-europa-cinemas-jury-at-the-venice-film-festival\/#article","isPartOf":{"@id":"https:\/\/ciac.pt\/en\/news\/antonio-costa-valente-is-part-of-the-europa-cinemas-jury-at-the-venice-film-festival\/"},"author":{"name":"editor2","@id":"https:\/\/ciac.pt\/en\/#\/schema\/person\/9c77bada9bcc70961fd0ee149ad39064"},"headline":"Ant\u00f3nio Costa Valente is part of the Europa Cinemas jury at the Venice Film Festival","datePublished":"2024-08-28T09:06:18+00:00","dateModified":"2024-08-28T09:06:20+00:00","mainEntityOfPage":{"@id":"https:\/\/ciac.pt\/en\/news\/antonio-costa-valente-is-part-of-the-europa-cinemas-jury-at-the-venice-film-festival\/"},"wordCount":302,"publisher":{"@id":"https:\/\/ciac.pt\/en\/#organization"},"image":{"@id":"https:\/\/ciac.pt\/en\/news\/antonio-costa-valente-is-part-of-the-europa-cinemas-jury-at-the-venice-film-festival\/#primaryimage"},"thumbnailUrl":"https:\/\/ciac.pt\/wp-content\/uploads\/2024\/08\/avalente_venezia.jpg","keywords":["News"],"articleSection":["News"],"inLanguage":"en-US"},{"@type":"WebPage","@id":"https:\/\/ciac.pt\/en\/news\/antonio-costa-valente-is-part-of-the-europa-cinemas-jury-at-the-venice-film-festival\/","url":"https:\/\/ciac.pt\/en\/news\/antonio-costa-valente-is-part-of-the-europa-cinemas-jury-at-the-venice-film-festival\/","name":"Ant\u00f3nio Costa Valente is part of the Europa Cinemas jury at the Venice Film Festival - CIAC","isPartOf":{"@id":"https:\/\/ciac.pt\/en\/#website"},"primaryImageOfPage":{"@id":"https:\/\/ciac.pt\/en\/news\/antonio-costa-valente-is-part-of-the-europa-cinemas-jury-at-the-venice-film-festival\/#primaryimage"},"image":{"@id":"https:\/\/ciac.pt\/en\/news\/antonio-costa-valente-is-part-of-the-europa-cinemas-jury-at-the-venice-film-festival\/#primaryimage"},"thumbnailUrl":"https:\/\/ciac.pt\/wp-content\/uploads\/2024\/08\/avalente_venezia.jpg","datePublished":"2024-08-28T09:06:18+00:00","dateModified":"2024-08-28T09:06:20+00:00","breadcrumb":{"@id":"https:\/\/ciac.pt\/en\/news\/antonio-costa-valente-is-part-of-the-europa-cinemas-jury-at-the-venice-film-festival\/#breadcrumb"},"inLanguage":"en-US","potentialAction":[{"@type":"ReadAction","target":["https:\/\/ciac.pt\/en\/news\/antonio-costa-valente-is-part-of-the-europa-cinemas-jury-at-the-venice-film-festival\/"]}]},{"@type":"ImageObject","inLanguage":"en-US","@id":"https:\/\/ciac.pt\/en\/news\/antonio-costa-valente-is-part-of-the-europa-cinemas-jury-at-the-venice-film-festival\/#primaryimage","url":"https:\/\/ciac.pt\/wp-content\/uploads\/2024\/08\/avalente_venezia.jpg","contentUrl":"https:\/\/ciac.pt\/wp-content\/uploads\/2024\/08\/avalente_venezia.jpg"},{"@type":"BreadcrumbList","@id":"https:\/\/ciac.pt\/en\/news\/antonio-costa-valente-is-part-of-the-europa-cinemas-jury-at-the-venice-film-festival\/#breadcrumb","itemListElement":[{"@type":"ListItem","position":1,"name":"In\u00edcio","item":"https:\/\/ciac.pt\/en\/"},{"@type":"ListItem","position":2,"name":"Ant\u00f3nio Costa Valente is part of the Europa Cinemas jury at the Venice Film Festival"}]},{"@type":"WebSite","@id":"https:\/\/ciac.pt\/en\/#website","url":"https:\/\/ciac.pt\/en\/","name":"CIAC","description":"Centro de Investiga\u00e7\u00e3o em Artes e Comunica\u00e7\u00e3o","publisher":{"@id":"https:\/\/ciac.pt\/en\/#organization"},"potentialAction":[{"@type":"SearchAction","target":{"@type":"EntryPoint","urlTemplate":"https:\/\/ciac.pt\/en\/?s={search_term_string}"},"query-input":{"@type":"PropertyValueSpecification","valueRequired":true,"valueName":"search_term_string"}}],"inLanguage":"en-US"},{"@type":"Organization","@id":"https:\/\/ciac.pt\/en\/#organization","name":"CIAC","url":"https:\/\/ciac.pt\/en\/","logo":{"@type":"ImageObject","inLanguage":"en-US","@id":"https:\/\/ciac.pt\/en\/#\/schema\/logo\/image\/","url":"https:\/\/ciac.pt\/wp-content\/uploads\/2022\/06\/logo.svg","contentUrl":"https:\/\/ciac.pt\/wp-content\/uploads\/2022\/06\/logo.svg","width":184,"height":51,"caption":"CIAC"},"image":{"@id":"https:\/\/ciac.pt\/en\/#\/schema\/logo\/image\/"}},{"@type":"Person","@id":"https:\/\/ciac.pt\/en\/#\/schema\/person\/9c77bada9bcc70961fd0ee149ad39064","name":"editor2","image":{"@type":"ImageObject","inLanguage":"en-US","@id":"https:\/\/secure.gravatar.com\/avatar\/?s=96&d=mm&r=g","url":"https:\/\/secure.gravatar.com\/avatar\/?s=96&d=mm&r=g","contentUrl":"https:\/\/secure.gravatar.com\/avatar\/?s=96&d=mm&r=g","caption":"editor2"},"url":"https:\/\/ciac.pt\/en\/author\/editor2\/"}]}},"author_meta":{"display_name":"editor2","author_link":"https:\/\/ciac.pt\/en\/author\/editor2\/"},"featured_img":"https:\/\/ciac.pt\/wp-content\/uploads\/2024\/08\/avalente_venezia.jpg","coauthors":[],"tax_additional":{"categories":{"linked":["<a href=\"https:\/\/ciac.pt\/en\/.\/news\/\" class=\"advgb-post-tax-term\">News<\/a>"],"unlinked":["<span class=\"advgb-post-tax-term\">News<\/span>"]},"tags":{"linked":["<a href=\"https:\/\/ciac.pt\/en\/.\/news\/\" class=\"advgb-post-tax-term\">News<\/a>"],"unlinked":["<span class=\"advgb-post-tax-term\">News<\/span>"]}},"comment_count":0,"relative_dates":{"created":"Posted 2 years ago","modified":"Updated 2 years ago"},"absolute_dates":{"created":"Posted on 28\/08\/2024","modified":"Updated on 28\/08\/2024"},"absolute_dates_time":{"created":"Posted on 28\/08\/2024 10:06","modified":"Updated on 28\/08\/2024 10:06"},"featured_img_caption":"","series_order":"","_links":{"self":[{"href":"https:\/\/ciac.pt\/en\/wp-json\/wp\/v2\/posts\/8378","targetHints":{"allow":["GET"]}}],"collection":[{"href":"https:\/\/ciac.pt\/en\/wp-json\/wp\/v2\/posts"}],"about":[{"href":"https:\/\/ciac.pt\/en\/wp-json\/wp\/v2\/types\/post"}],"author":[{"embeddable":true,"href":"https:\/\/ciac.pt\/en\/wp-json\/wp\/v2\/users\/4"}],"replies":[{"embeddable":true,"href":"https:\/\/ciac.pt\/en\/wp-json\/wp\/v2\/comments?post=8378"}],"version-history":[{"count":8,"href":"https:\/\/ciac.pt\/en\/wp-json\/wp\/v2\/posts\/8378\/revisions"}],"predecessor-version":[{"id":8396,"href":"https:\/\/ciac.pt\/en\/wp-json\/wp\/v2\/posts\/8378\/revisions\/8396"}],"wp:featuredmedia":[{"embeddable":true,"href":"https:\/\/ciac.pt\/en\/wp-json\/wp\/v2\/media\/8365"}],"wp:attachment":[{"href":"https:\/\/ciac.pt\/en\/wp-json\/wp\/v2\/media?parent=8378"}],"wp:term":[{"taxonomy":"category","embeddable":true,"href":"https:\/\/ciac.pt\/en\/wp-json\/wp\/v2\/categories?post=8378"},{"taxonomy":"post_tag","embeddable":true,"href":"https:\/\/ciac.pt\/en\/wp-json\/wp\/v2\/tags?post=8378"}],"curies":[{"name":"wp","href":"https:\/\/api.w.org\/{rel}","templated":true}]}}