{"id":9505,"date":"2024-10-16T14:44:58","date_gmt":"2024-10-16T13:44:58","guid":{"rendered":"https:\/\/ciac.pt\/?p=9505"},"modified":"2024-11-15T17:36:31","modified_gmt":"2024-11-15T17:36:31","slug":"cristina-cavalcanti-takes-part-in-exhibition-dedicated-to-women-in-sport","status":"publish","type":"post","link":"https:\/\/ciac.pt\/en\/news\/cristina-cavalcanti-takes-part-in-exhibition-dedicated-to-women-in-sport\/","title":{"rendered":"Cristina Cavalcanti takes part in exhibition dedicated to Women in Sport"},"content":{"rendered":"\n<div class=\"wp-block-group alignwide\"><div class=\"wp-block-group__inner-container is-layout-constrained wp-block-group-is-layout-constrained\">\n\n\n\n\n<figure class=\"wp-block-image size-full is-resized\"><a href=\"https:\/\/ciac.pt\/wp-content\/uploads\/2024\/10\/Intrusas-CC.jpg\"><img decoding=\"async\" data-src=\"https:\/\/ciac.pt\/wp-content\/uploads\/2024\/10\/Intrusas-CC.jpg\" alt=\"\" class=\"wp-image-9381 lazyload\" style=\"--smush-placeholder-width: 1620px; --smush-placeholder-aspect-ratio: 1620\/1215;width:auto;height:300px\" src=\"data:image\/svg+xml;base64,PHN2ZyB3aWR0aD0iMSIgaGVpZ2h0PSIxIiB4bWxucz0iaHR0cDovL3d3dy53My5vcmcvMjAwMC9zdmciPjwvc3ZnPg==\" \/><\/a><\/figure>\n\n\n<h1 class=\"wp-block-post-title\">Cristina Cavalcanti takes part in exhibition dedicated to Women in Sport<\/h1>\n\n<div class=\"wp-block-post-date has-text-color has-cyan-bluish-gray-color\"><time datetime=\"2024-10-16T14:44:58+01:00\">16\/10\/2024<\/time><\/div>\n\n\n<hr class=\"wp-block-separator has-text-color has-white-color has-alpha-channel-opacity has-white-background-color has-background\"\/>\n\n\n\n<p>Cristina Cavalcanti participates on the exhibition <strong><em>Women in Sport: Pioneering, Challenges, Inspiration, Equality,<\/em><\/strong> organised by the Portuguese Institute of Sport and Youth (IPDJ), which celebrates the inspiring trajectory of women in sport, from pioneers to contemporary athletes who defy gender stereotypes.<\/p>\n\n\n\n<p>The work INTRUSA[S], by the researcher and doctoral student in digital media art, takes a look at the gender violence suffered by women, inspired by the story of Kathrine Switzer, the first woman to officially run the Boston Marathon in 1967. When she realised there was a woman there, the race director invaded the track and pushed her hard, trying to expel her. This kind of violence shows how the female body can be touched without consent.<\/p>\n\n\n\n<p>The film shows a woman running through the streets of a city. But we realise that she doesn&#8217;t move. Her efforts are in vain. We see a hand trying to order her, another trying to stop her, then another trying to touch her and the last, most violent, threatening hand. At first, we see that the woman can&#8217;t run, but we don&#8217;t know why. Only then do we see the hands and realise the boycott she is suffering. The artefact is a video installation that uses videos from image banks, artificial intelligence and augmented reality.<\/p>\n\n\n\n<p>The exhibition opened to the public on 10 October 2024 and is on display at the Jamor Interpretive Centre (Centro Interpretativo do Jamor) in Lisbon.<\/p>\n\n\n\n<p>More information (<a href=\"https:\/\/museudesporto.ipdj.gov.pt\/-\/exhib-womeninsport_mediaart_intruders\" data-type=\"link\" data-id=\"https:\/\/museudesporto.ipdj.gov.pt\/-\/exhib-womeninsport_mediaart_intruders\">here<\/a>)<\/p>\n\n\n\n<hr class=\"wp-block-separator alignwide has-alpha-channel-opacity is-style-wide separador-mais-info\"\/>\n\n\n<\/div><\/div>\n","protected":false},"excerpt":{"rendered":"<p>Cristina Cavalcanti participates on the exhibition Women in Sport: Pioneering, Challenges, Inspiration,<\/p>\n","protected":false},"author":4,"featured_media":9379,"comment_status":"closed","ping_status":"closed","sticky":false,"template":"","format":"standard","meta":{"_eb_attr":"","inline_featured_image":false,"advgb_blocks_editor_width":"","advgb_blocks_columns_visual_guide":"","footnotes":"","_links_to":"","_links_to_target":""},"categories":[61],"tags":[139],"class_list":["post-9505","post","type-post","status-publish","format-standard","has-post-thumbnail","hentry","category-news","tag-dissemination"],"yoast_head":"<!-- This site is optimized with the Yoast SEO plugin v27.4 - https:\/\/yoast.com\/product\/yoast-seo-wordpress\/ -->\n<title>Cristina Cavalcanti takes part in exhibition dedicated to Women in Sport - CIAC<\/title>\n<meta name=\"robots\" content=\"index, follow, max-snippet:-1, max-image-preview:large, max-video-preview:-1\" \/>\n<link rel=\"canonical\" href=\"https:\/\/ciac.pt\/en\/news\/cristina-cavalcanti-takes-part-in-exhibition-dedicated-to-women-in-sport\/\" \/>\n<meta property=\"og:locale\" content=\"en_US\" \/>\n<meta property=\"og:type\" content=\"article\" \/>\n<meta property=\"og:title\" content=\"Cristina Cavalcanti takes part in exhibition dedicated to Women in Sport - CIAC\" \/>\n<meta property=\"og:description\" content=\"Cristina Cavalcanti participates on the exhibition Women in Sport: Pioneering, Challenges, Inspiration,\" \/>\n<meta property=\"og:url\" content=\"https:\/\/ciac.pt\/en\/news\/cristina-cavalcanti-takes-part-in-exhibition-dedicated-to-women-in-sport\/\" \/>\n<meta property=\"og:site_name\" content=\"CIAC\" \/>\n<meta property=\"article:published_time\" content=\"2024-10-16T13:44:58+00:00\" \/>\n<meta property=\"article:modified_time\" content=\"2024-11-15T17:36:31+00:00\" \/>\n<meta property=\"og:image\" content=\"https:\/\/ciac.pt\/wp-content\/uploads\/2024\/10\/Intrusas-Cristina-Cavalcanti.jpg\" \/>\n\t<meta property=\"og:image:width\" content=\"1\" \/>\n\t<meta property=\"og:image:height\" content=\"1\" \/>\n\t<meta property=\"og:image:type\" content=\"image\/jpeg\" \/>\n<meta name=\"author\" content=\"editor2\" \/>\n<meta name=\"twitter:card\" content=\"summary_large_image\" \/>\n<meta name=\"twitter:label1\" content=\"Written by\" \/>\n\t<meta name=\"twitter:data1\" content=\"editor2\" \/>\n\t<meta name=\"twitter:label2\" content=\"Est. reading time\" \/>\n\t<meta name=\"twitter:data2\" content=\"1 minute\" \/>\n<script type=\"application\/ld+json\" class=\"yoast-schema-graph\">{\"@context\":\"https:\\\/\\\/schema.org\",\"@graph\":[{\"@type\":\"Article\",\"@id\":\"https:\\\/\\\/ciac.pt\\\/en\\\/news\\\/cristina-cavalcanti-takes-part-in-exhibition-dedicated-to-women-in-sport\\\/#article\",\"isPartOf\":{\"@id\":\"https:\\\/\\\/ciac.pt\\\/en\\\/news\\\/cristina-cavalcanti-takes-part-in-exhibition-dedicated-to-women-in-sport\\\/\"},\"author\":{\"name\":\"editor2\",\"@id\":\"https:\\\/\\\/ciac.pt\\\/en\\\/#\\\/schema\\\/person\\\/9c77bada9bcc70961fd0ee149ad39064\"},\"headline\":\"Cristina Cavalcanti takes part in exhibition dedicated to Women in Sport\",\"datePublished\":\"2024-10-16T13:44:58+00:00\",\"dateModified\":\"2024-11-15T17:36:31+00:00\",\"mainEntityOfPage\":{\"@id\":\"https:\\\/\\\/ciac.pt\\\/en\\\/news\\\/cristina-cavalcanti-takes-part-in-exhibition-dedicated-to-women-in-sport\\\/\"},\"wordCount\":253,\"publisher\":{\"@id\":\"https:\\\/\\\/ciac.pt\\\/en\\\/#organization\"},\"image\":{\"@id\":\"https:\\\/\\\/ciac.pt\\\/en\\\/news\\\/cristina-cavalcanti-takes-part-in-exhibition-dedicated-to-women-in-sport\\\/#primaryimage\"},\"thumbnailUrl\":\"https:\\\/\\\/ciac.pt\\\/wp-content\\\/uploads\\\/2024\\\/10\\\/Intrusas-Cristina-Cavalcanti.jpg\",\"keywords\":[\"Dissemination\"],\"articleSection\":[\"News\"],\"inLanguage\":\"en-US\"},{\"@type\":\"WebPage\",\"@id\":\"https:\\\/\\\/ciac.pt\\\/en\\\/news\\\/cristina-cavalcanti-takes-part-in-exhibition-dedicated-to-women-in-sport\\\/\",\"url\":\"https:\\\/\\\/ciac.pt\\\/en\\\/news\\\/cristina-cavalcanti-takes-part-in-exhibition-dedicated-to-women-in-sport\\\/\",\"name\":\"Cristina Cavalcanti takes part in exhibition dedicated to Women in Sport - CIAC\",\"isPartOf\":{\"@id\":\"https:\\\/\\\/ciac.pt\\\/en\\\/#website\"},\"primaryImageOfPage\":{\"@id\":\"https:\\\/\\\/ciac.pt\\\/en\\\/news\\\/cristina-cavalcanti-takes-part-in-exhibition-dedicated-to-women-in-sport\\\/#primaryimage\"},\"image\":{\"@id\":\"https:\\\/\\\/ciac.pt\\\/en\\\/news\\\/cristina-cavalcanti-takes-part-in-exhibition-dedicated-to-women-in-sport\\\/#primaryimage\"},\"thumbnailUrl\":\"https:\\\/\\\/ciac.pt\\\/wp-content\\\/uploads\\\/2024\\\/10\\\/Intrusas-Cristina-Cavalcanti.jpg\",\"datePublished\":\"2024-10-16T13:44:58+00:00\",\"dateModified\":\"2024-11-15T17:36:31+00:00\",\"breadcrumb\":{\"@id\":\"https:\\\/\\\/ciac.pt\\\/en\\\/news\\\/cristina-cavalcanti-takes-part-in-exhibition-dedicated-to-women-in-sport\\\/#breadcrumb\"},\"inLanguage\":\"en-US\",\"potentialAction\":[{\"@type\":\"ReadAction\",\"target\":[\"https:\\\/\\\/ciac.pt\\\/en\\\/news\\\/cristina-cavalcanti-takes-part-in-exhibition-dedicated-to-women-in-sport\\\/\"]}]},{\"@type\":\"ImageObject\",\"inLanguage\":\"en-US\",\"@id\":\"https:\\\/\\\/ciac.pt\\\/en\\\/news\\\/cristina-cavalcanti-takes-part-in-exhibition-dedicated-to-women-in-sport\\\/#primaryimage\",\"url\":\"https:\\\/\\\/ciac.pt\\\/wp-content\\\/uploads\\\/2024\\\/10\\\/Intrusas-Cristina-Cavalcanti.jpg\",\"contentUrl\":\"https:\\\/\\\/ciac.pt\\\/wp-content\\\/uploads\\\/2024\\\/10\\\/Intrusas-Cristina-Cavalcanti.jpg\"},{\"@type\":\"BreadcrumbList\",\"@id\":\"https:\\\/\\\/ciac.pt\\\/en\\\/news\\\/cristina-cavalcanti-takes-part-in-exhibition-dedicated-to-women-in-sport\\\/#breadcrumb\",\"itemListElement\":[{\"@type\":\"ListItem\",\"position\":1,\"name\":\"In\u00edcio\",\"item\":\"https:\\\/\\\/ciac.pt\\\/en\\\/\"},{\"@type\":\"ListItem\",\"position\":2,\"name\":\"Cristina Cavalcanti takes part in exhibition dedicated to Women in Sport\"}]},{\"@type\":\"WebSite\",\"@id\":\"https:\\\/\\\/ciac.pt\\\/en\\\/#website\",\"url\":\"https:\\\/\\\/ciac.pt\\\/en\\\/\",\"name\":\"CIAC\",\"description\":\"Centro de Investiga\u00e7\u00e3o em Artes e Comunica\u00e7\u00e3o\",\"publisher\":{\"@id\":\"https:\\\/\\\/ciac.pt\\\/en\\\/#organization\"},\"potentialAction\":[{\"@type\":\"SearchAction\",\"target\":{\"@type\":\"EntryPoint\",\"urlTemplate\":\"https:\\\/\\\/ciac.pt\\\/en\\\/?s={search_term_string}\"},\"query-input\":{\"@type\":\"PropertyValueSpecification\",\"valueRequired\":true,\"valueName\":\"search_term_string\"}}],\"inLanguage\":\"en-US\"},{\"@type\":\"Organization\",\"@id\":\"https:\\\/\\\/ciac.pt\\\/en\\\/#organization\",\"name\":\"CIAC\",\"url\":\"https:\\\/\\\/ciac.pt\\\/en\\\/\",\"logo\":{\"@type\":\"ImageObject\",\"inLanguage\":\"en-US\",\"@id\":\"https:\\\/\\\/ciac.pt\\\/en\\\/#\\\/schema\\\/logo\\\/image\\\/\",\"url\":\"https:\\\/\\\/ciac.pt\\\/wp-content\\\/uploads\\\/2022\\\/06\\\/logo.svg\",\"contentUrl\":\"https:\\\/\\\/ciac.pt\\\/wp-content\\\/uploads\\\/2022\\\/06\\\/logo.svg\",\"width\":184,\"height\":51,\"caption\":\"CIAC\"},\"image\":{\"@id\":\"https:\\\/\\\/ciac.pt\\\/en\\\/#\\\/schema\\\/logo\\\/image\\\/\"}},{\"@type\":\"Person\",\"@id\":\"https:\\\/\\\/ciac.pt\\\/en\\\/#\\\/schema\\\/person\\\/9c77bada9bcc70961fd0ee149ad39064\",\"name\":\"editor2\",\"image\":{\"@type\":\"ImageObject\",\"inLanguage\":\"en-US\",\"@id\":\"https:\\\/\\\/secure.gravatar.com\\\/avatar\\\/?s=96&d=mm&r=g\",\"url\":\"https:\\\/\\\/secure.gravatar.com\\\/avatar\\\/?s=96&d=mm&r=g\",\"contentUrl\":\"https:\\\/\\\/secure.gravatar.com\\\/avatar\\\/?s=96&d=mm&r=g\",\"caption\":\"editor2\"},\"url\":\"https:\\\/\\\/ciac.pt\\\/en\\\/author\\\/editor2\\\/\"}]}<\/script>\n<!-- \/ Yoast SEO plugin. -->","yoast_head_json":{"title":"Cristina Cavalcanti takes part in exhibition dedicated to Women in Sport - CIAC","robots":{"index":"index","follow":"follow","max-snippet":"max-snippet:-1","max-image-preview":"max-image-preview:large","max-video-preview":"max-video-preview:-1"},"canonical":"https:\/\/ciac.pt\/en\/news\/cristina-cavalcanti-takes-part-in-exhibition-dedicated-to-women-in-sport\/","og_locale":"en_US","og_type":"article","og_title":"Cristina Cavalcanti takes part in exhibition dedicated to Women in Sport - CIAC","og_description":"Cristina Cavalcanti participates on the exhibition Women in Sport: Pioneering, Challenges, Inspiration,","og_url":"https:\/\/ciac.pt\/en\/news\/cristina-cavalcanti-takes-part-in-exhibition-dedicated-to-women-in-sport\/","og_site_name":"CIAC","article_published_time":"2024-10-16T13:44:58+00:00","article_modified_time":"2024-11-15T17:36:31+00:00","og_image":[{"url":"https:\/\/ciac.pt\/wp-content\/uploads\/2024\/10\/Intrusas-Cristina-Cavalcanti.jpg","width":1,"height":1,"type":"image\/jpeg"}],"author":"editor2","twitter_card":"summary_large_image","twitter_misc":{"Written by":"editor2","Est. reading time":"1 minute"},"schema":{"@context":"https:\/\/schema.org","@graph":[{"@type":"Article","@id":"https:\/\/ciac.pt\/en\/news\/cristina-cavalcanti-takes-part-in-exhibition-dedicated-to-women-in-sport\/#article","isPartOf":{"@id":"https:\/\/ciac.pt\/en\/news\/cristina-cavalcanti-takes-part-in-exhibition-dedicated-to-women-in-sport\/"},"author":{"name":"editor2","@id":"https:\/\/ciac.pt\/en\/#\/schema\/person\/9c77bada9bcc70961fd0ee149ad39064"},"headline":"Cristina Cavalcanti takes part in exhibition dedicated to Women in Sport","datePublished":"2024-10-16T13:44:58+00:00","dateModified":"2024-11-15T17:36:31+00:00","mainEntityOfPage":{"@id":"https:\/\/ciac.pt\/en\/news\/cristina-cavalcanti-takes-part-in-exhibition-dedicated-to-women-in-sport\/"},"wordCount":253,"publisher":{"@id":"https:\/\/ciac.pt\/en\/#organization"},"image":{"@id":"https:\/\/ciac.pt\/en\/news\/cristina-cavalcanti-takes-part-in-exhibition-dedicated-to-women-in-sport\/#primaryimage"},"thumbnailUrl":"https:\/\/ciac.pt\/wp-content\/uploads\/2024\/10\/Intrusas-Cristina-Cavalcanti.jpg","keywords":["Dissemination"],"articleSection":["News"],"inLanguage":"en-US"},{"@type":"WebPage","@id":"https:\/\/ciac.pt\/en\/news\/cristina-cavalcanti-takes-part-in-exhibition-dedicated-to-women-in-sport\/","url":"https:\/\/ciac.pt\/en\/news\/cristina-cavalcanti-takes-part-in-exhibition-dedicated-to-women-in-sport\/","name":"Cristina Cavalcanti takes part in exhibition dedicated to Women in Sport - CIAC","isPartOf":{"@id":"https:\/\/ciac.pt\/en\/#website"},"primaryImageOfPage":{"@id":"https:\/\/ciac.pt\/en\/news\/cristina-cavalcanti-takes-part-in-exhibition-dedicated-to-women-in-sport\/#primaryimage"},"image":{"@id":"https:\/\/ciac.pt\/en\/news\/cristina-cavalcanti-takes-part-in-exhibition-dedicated-to-women-in-sport\/#primaryimage"},"thumbnailUrl":"https:\/\/ciac.pt\/wp-content\/uploads\/2024\/10\/Intrusas-Cristina-Cavalcanti.jpg","datePublished":"2024-10-16T13:44:58+00:00","dateModified":"2024-11-15T17:36:31+00:00","breadcrumb":{"@id":"https:\/\/ciac.pt\/en\/news\/cristina-cavalcanti-takes-part-in-exhibition-dedicated-to-women-in-sport\/#breadcrumb"},"inLanguage":"en-US","potentialAction":[{"@type":"ReadAction","target":["https:\/\/ciac.pt\/en\/news\/cristina-cavalcanti-takes-part-in-exhibition-dedicated-to-women-in-sport\/"]}]},{"@type":"ImageObject","inLanguage":"en-US","@id":"https:\/\/ciac.pt\/en\/news\/cristina-cavalcanti-takes-part-in-exhibition-dedicated-to-women-in-sport\/#primaryimage","url":"https:\/\/ciac.pt\/wp-content\/uploads\/2024\/10\/Intrusas-Cristina-Cavalcanti.jpg","contentUrl":"https:\/\/ciac.pt\/wp-content\/uploads\/2024\/10\/Intrusas-Cristina-Cavalcanti.jpg"},{"@type":"BreadcrumbList","@id":"https:\/\/ciac.pt\/en\/news\/cristina-cavalcanti-takes-part-in-exhibition-dedicated-to-women-in-sport\/#breadcrumb","itemListElement":[{"@type":"ListItem","position":1,"name":"In\u00edcio","item":"https:\/\/ciac.pt\/en\/"},{"@type":"ListItem","position":2,"name":"Cristina Cavalcanti takes part in exhibition dedicated to Women in Sport"}]},{"@type":"WebSite","@id":"https:\/\/ciac.pt\/en\/#website","url":"https:\/\/ciac.pt\/en\/","name":"CIAC","description":"Centro de Investiga\u00e7\u00e3o em Artes e Comunica\u00e7\u00e3o","publisher":{"@id":"https:\/\/ciac.pt\/en\/#organization"},"potentialAction":[{"@type":"SearchAction","target":{"@type":"EntryPoint","urlTemplate":"https:\/\/ciac.pt\/en\/?s={search_term_string}"},"query-input":{"@type":"PropertyValueSpecification","valueRequired":true,"valueName":"search_term_string"}}],"inLanguage":"en-US"},{"@type":"Organization","@id":"https:\/\/ciac.pt\/en\/#organization","name":"CIAC","url":"https:\/\/ciac.pt\/en\/","logo":{"@type":"ImageObject","inLanguage":"en-US","@id":"https:\/\/ciac.pt\/en\/#\/schema\/logo\/image\/","url":"https:\/\/ciac.pt\/wp-content\/uploads\/2022\/06\/logo.svg","contentUrl":"https:\/\/ciac.pt\/wp-content\/uploads\/2022\/06\/logo.svg","width":184,"height":51,"caption":"CIAC"},"image":{"@id":"https:\/\/ciac.pt\/en\/#\/schema\/logo\/image\/"}},{"@type":"Person","@id":"https:\/\/ciac.pt\/en\/#\/schema\/person\/9c77bada9bcc70961fd0ee149ad39064","name":"editor2","image":{"@type":"ImageObject","inLanguage":"en-US","@id":"https:\/\/secure.gravatar.com\/avatar\/?s=96&d=mm&r=g","url":"https:\/\/secure.gravatar.com\/avatar\/?s=96&d=mm&r=g","contentUrl":"https:\/\/secure.gravatar.com\/avatar\/?s=96&d=mm&r=g","caption":"editor2"},"url":"https:\/\/ciac.pt\/en\/author\/editor2\/"}]}},"author_meta":{"display_name":"editor2","author_link":"https:\/\/ciac.pt\/en\/author\/editor2\/"},"featured_img":"https:\/\/ciac.pt\/wp-content\/uploads\/2024\/10\/Intrusas-Cristina-Cavalcanti.jpg","coauthors":[],"tax_additional":{"categories":{"linked":["<a href=\"https:\/\/ciac.pt\/en\/.\/news\/\" class=\"advgb-post-tax-term\">News<\/a>"],"unlinked":["<span class=\"advgb-post-tax-term\">News<\/span>"]},"tags":{"linked":["<a href=\"https:\/\/ciac.pt\/en\/.\/news\/\" class=\"advgb-post-tax-term\">Dissemination<\/a>"],"unlinked":["<span class=\"advgb-post-tax-term\">Dissemination<\/span>"]}},"comment_count":0,"relative_dates":{"created":"Posted 2 years ago","modified":"Updated 1 year ago"},"absolute_dates":{"created":"Posted on 16\/10\/2024","modified":"Updated on 15\/11\/2024"},"absolute_dates_time":{"created":"Posted on 16\/10\/2024 14:44","modified":"Updated on 15\/11\/2024 17:36"},"featured_img_caption":"","series_order":"","_links":{"self":[{"href":"https:\/\/ciac.pt\/en\/wp-json\/wp\/v2\/posts\/9505","targetHints":{"allow":["GET"]}}],"collection":[{"href":"https:\/\/ciac.pt\/en\/wp-json\/wp\/v2\/posts"}],"about":[{"href":"https:\/\/ciac.pt\/en\/wp-json\/wp\/v2\/types\/post"}],"author":[{"embeddable":true,"href":"https:\/\/ciac.pt\/en\/wp-json\/wp\/v2\/users\/4"}],"replies":[{"embeddable":true,"href":"https:\/\/ciac.pt\/en\/wp-json\/wp\/v2\/comments?post=9505"}],"version-history":[{"count":2,"href":"https:\/\/ciac.pt\/en\/wp-json\/wp\/v2\/posts\/9505\/revisions"}],"predecessor-version":[{"id":9711,"href":"https:\/\/ciac.pt\/en\/wp-json\/wp\/v2\/posts\/9505\/revisions\/9711"}],"wp:featuredmedia":[{"embeddable":true,"href":"https:\/\/ciac.pt\/en\/wp-json\/wp\/v2\/media\/9379"}],"wp:attachment":[{"href":"https:\/\/ciac.pt\/en\/wp-json\/wp\/v2\/media?parent=9505"}],"wp:term":[{"taxonomy":"category","embeddable":true,"href":"https:\/\/ciac.pt\/en\/wp-json\/wp\/v2\/categories?post=9505"},{"taxonomy":"post_tag","embeddable":true,"href":"https:\/\/ciac.pt\/en\/wp-json\/wp\/v2\/tags?post=9505"}],"curies":[{"name":"wp","href":"https:\/\/api.w.org\/{rel}","templated":true}]}}