{"id":9510,"date":"2024-10-18T14:48:07","date_gmt":"2024-10-18T13:48:07","guid":{"rendered":"https:\/\/ciac.pt\/?p=9510"},"modified":"2024-11-15T17:30:56","modified_gmt":"2024-11-15T17:30:56","slug":"municipal-equality-day-in-tavira-with-the-presence-of-mirian-tavares","status":"publish","type":"post","link":"https:\/\/ciac.pt\/en\/news\/municipal-equality-day-in-tavira-with-the-presence-of-mirian-tavares\/","title":{"rendered":"Municipal Equality Day in Tavira with the presence of Mirian Tavares"},"content":{"rendered":"\n<div class=\"wp-block-group alignwide\"><div class=\"wp-block-group__inner-container is-layout-constrained wp-block-group-is-layout-constrained\">\n\n\n\n\n<figure class=\"wp-block-image size-full is-resized\"><a href=\"https:\/\/ciac.pt\/wp-content\/uploads\/2024\/10\/mirian1.jpg\"><img decoding=\"async\" data-src=\"https:\/\/ciac.pt\/wp-content\/uploads\/2024\/10\/mirian1.jpg\" alt=\"\" class=\"wp-image-9452 lazyload\" style=\"--smush-placeholder-width: 3543px; --smush-placeholder-aspect-ratio: 3543\/2362;width:auto;height:300px\" src=\"data:image\/svg+xml;base64,PHN2ZyB3aWR0aD0iMSIgaGVpZ2h0PSIxIiB4bWxucz0iaHR0cDovL3d3dy53My5vcmcvMjAwMC9zdmciPjwvc3ZnPg==\" \/><\/a><\/figure>\n\n\n<h1 class=\"wp-block-post-title\">Municipal Equality Day in Tavira with the presence of Mirian Tavares<\/h1>\n\n<div class=\"wp-block-post-date has-text-color has-cyan-bluish-gray-color\"><time datetime=\"2024-10-18T14:48:07+01:00\">18\/10\/2024<\/time><\/div>\n\n\n<hr class=\"wp-block-separator has-text-color has-white-color has-alpha-channel-opacity has-white-background-color has-background\"\/>\n\n\n\n<p>As part of Municipal Equality Day, celebrated on 24 October, the <a href=\"https:\/\/www.instagram.com\/p\/DBL65_7PsRr\/\" data-type=\"link\" data-id=\"https:\/\/www.instagram.com\/p\/DBL65_7PsRr\/\">municipality of Tavira<\/a> is marking the date on 26 October with a talk on equality. Mirian Tavares, coordinator of CIAC, will be one of the guests at the round table \u2018We are all equal\u2019 [Todas somos iguais].<\/p>\n\n\n\n<p>The conversation on equality will be moderated by Bernardo Mendon\u00e7a, a journalist for the weekly Expresso journal, and will feature Maria Seruya, a motivational artist dedicated to the theme of ageing and founder of the \u2018Velhas Bonitonas\u2019 project, Sara Baptista, PhD in Microbiology and Parasitology, and Mirian Tavares, Professor at the University of Algarve, PhD in Contemporary Communication and Culture from the Federal University of Bahia (UFBA) and Master in Communication and Semiotics from the Pontifical Catholic University of S\u00e3o Paulo (PUC-SP).<\/p>\n\n\n\n<p>The initiative will take place at Clube de Tavira, starting at 4pm, and will culminate at 10pm with a concert by \u2018Fado Bicha\u2019, a Portuguese musical and activist duo formed by Lila Fadista and Jo\u00e3o Ca\u00e7ador.<\/p>\n\n\n\n<p>The municipality of Tavira emphasises that \u2018to speak of feminism is to address the struggle for equality, for the rights of all women, taking into account the diversity of the group. When gender oppression is worked on in relation to other types of oppression suffered by people, namely racism, xenophobia, sexism, classism, ethnophobia, Lbgtqphobia and even fatphobia, it tends to fight against all forms of discrimination\u2019. The aim of this initiative is to promote a debate on equality and to reflect on recent concepts related to human rights.<\/p>\n\n\n\n<p>More information (<a href=\"https:\/\/www.instagram.com\/p\/DBL65_7PsRr\/\" data-type=\"link\" data-id=\"https:\/\/www.instagram.com\/p\/DBL65_7PsRr\/\">here<\/a>).<\/p>\n\n\n\n<hr class=\"wp-block-separator alignwide has-alpha-channel-opacity is-style-wide separador-mais-info\"\/>\n\n\n<\/div><\/div>\n","protected":false},"excerpt":{"rendered":"<p>As part of Municipal Equality Day, celebrated on 24 October, the municipality<\/p>\n","protected":false},"author":4,"featured_media":9456,"comment_status":"closed","ping_status":"closed","sticky":false,"template":"","format":"standard","meta":{"_eb_attr":"","inline_featured_image":false,"advgb_blocks_editor_width":"","advgb_blocks_columns_visual_guide":"","footnotes":"","_links_to":"","_links_to_target":""},"categories":[61],"tags":[139],"class_list":["post-9510","post","type-post","status-publish","format-standard","has-post-thumbnail","hentry","category-news","tag-dissemination"],"yoast_head":"<!-- This site is optimized with the Yoast SEO plugin v27.4 - https:\/\/yoast.com\/product\/yoast-seo-wordpress\/ -->\n<title>Municipal Equality Day in Tavira with the presence of Mirian Tavares - CIAC<\/title>\n<meta name=\"robots\" content=\"index, follow, max-snippet:-1, max-image-preview:large, max-video-preview:-1\" \/>\n<link rel=\"canonical\" href=\"https:\/\/ciac.pt\/en\/news\/municipal-equality-day-in-tavira-with-the-presence-of-mirian-tavares\/\" \/>\n<meta property=\"og:locale\" content=\"en_US\" \/>\n<meta property=\"og:type\" content=\"article\" \/>\n<meta property=\"og:title\" content=\"Municipal Equality Day in Tavira with the presence of Mirian Tavares - CIAC\" \/>\n<meta property=\"og:description\" content=\"As part of Municipal Equality Day, celebrated on 24 October, the municipality\" \/>\n<meta property=\"og:url\" content=\"https:\/\/ciac.pt\/en\/news\/municipal-equality-day-in-tavira-with-the-presence-of-mirian-tavares\/\" \/>\n<meta property=\"og:site_name\" content=\"CIAC\" \/>\n<meta property=\"article:published_time\" content=\"2024-10-18T13:48:07+00:00\" \/>\n<meta property=\"article:modified_time\" content=\"2024-11-15T17:30:56+00:00\" \/>\n<meta property=\"og:image\" content=\"https:\/\/ciac.pt\/wp-content\/uploads\/2024\/10\/Mirian-Tavares.jpg\" \/>\n\t<meta property=\"og:image:width\" content=\"1\" \/>\n\t<meta property=\"og:image:height\" content=\"1\" \/>\n\t<meta property=\"og:image:type\" content=\"image\/jpeg\" \/>\n<meta name=\"author\" content=\"editor2\" \/>\n<meta name=\"twitter:card\" content=\"summary_large_image\" \/>\n<meta name=\"twitter:label1\" content=\"Written by\" \/>\n\t<meta name=\"twitter:data1\" content=\"editor2\" \/>\n\t<meta name=\"twitter:label2\" content=\"Est. reading time\" \/>\n\t<meta name=\"twitter:data2\" content=\"1 minute\" \/>\n<script type=\"application\/ld+json\" class=\"yoast-schema-graph\">{\"@context\":\"https:\\\/\\\/schema.org\",\"@graph\":[{\"@type\":\"Article\",\"@id\":\"https:\\\/\\\/ciac.pt\\\/en\\\/news\\\/municipal-equality-day-in-tavira-with-the-presence-of-mirian-tavares\\\/#article\",\"isPartOf\":{\"@id\":\"https:\\\/\\\/ciac.pt\\\/en\\\/news\\\/municipal-equality-day-in-tavira-with-the-presence-of-mirian-tavares\\\/\"},\"author\":{\"name\":\"editor2\",\"@id\":\"https:\\\/\\\/ciac.pt\\\/en\\\/#\\\/schema\\\/person\\\/9c77bada9bcc70961fd0ee149ad39064\"},\"headline\":\"Municipal Equality Day in Tavira with the presence of Mirian Tavares\",\"datePublished\":\"2024-10-18T13:48:07+00:00\",\"dateModified\":\"2024-11-15T17:30:56+00:00\",\"mainEntityOfPage\":{\"@id\":\"https:\\\/\\\/ciac.pt\\\/en\\\/news\\\/municipal-equality-day-in-tavira-with-the-presence-of-mirian-tavares\\\/\"},\"wordCount\":273,\"publisher\":{\"@id\":\"https:\\\/\\\/ciac.pt\\\/en\\\/#organization\"},\"image\":{\"@id\":\"https:\\\/\\\/ciac.pt\\\/en\\\/news\\\/municipal-equality-day-in-tavira-with-the-presence-of-mirian-tavares\\\/#primaryimage\"},\"thumbnailUrl\":\"https:\\\/\\\/ciac.pt\\\/wp-content\\\/uploads\\\/2024\\\/10\\\/Mirian-Tavares.jpg\",\"keywords\":[\"Dissemination\"],\"articleSection\":[\"News\"],\"inLanguage\":\"en-US\"},{\"@type\":\"WebPage\",\"@id\":\"https:\\\/\\\/ciac.pt\\\/en\\\/news\\\/municipal-equality-day-in-tavira-with-the-presence-of-mirian-tavares\\\/\",\"url\":\"https:\\\/\\\/ciac.pt\\\/en\\\/news\\\/municipal-equality-day-in-tavira-with-the-presence-of-mirian-tavares\\\/\",\"name\":\"Municipal Equality Day in Tavira with the presence of Mirian Tavares - CIAC\",\"isPartOf\":{\"@id\":\"https:\\\/\\\/ciac.pt\\\/en\\\/#website\"},\"primaryImageOfPage\":{\"@id\":\"https:\\\/\\\/ciac.pt\\\/en\\\/news\\\/municipal-equality-day-in-tavira-with-the-presence-of-mirian-tavares\\\/#primaryimage\"},\"image\":{\"@id\":\"https:\\\/\\\/ciac.pt\\\/en\\\/news\\\/municipal-equality-day-in-tavira-with-the-presence-of-mirian-tavares\\\/#primaryimage\"},\"thumbnailUrl\":\"https:\\\/\\\/ciac.pt\\\/wp-content\\\/uploads\\\/2024\\\/10\\\/Mirian-Tavares.jpg\",\"datePublished\":\"2024-10-18T13:48:07+00:00\",\"dateModified\":\"2024-11-15T17:30:56+00:00\",\"breadcrumb\":{\"@id\":\"https:\\\/\\\/ciac.pt\\\/en\\\/news\\\/municipal-equality-day-in-tavira-with-the-presence-of-mirian-tavares\\\/#breadcrumb\"},\"inLanguage\":\"en-US\",\"potentialAction\":[{\"@type\":\"ReadAction\",\"target\":[\"https:\\\/\\\/ciac.pt\\\/en\\\/news\\\/municipal-equality-day-in-tavira-with-the-presence-of-mirian-tavares\\\/\"]}]},{\"@type\":\"ImageObject\",\"inLanguage\":\"en-US\",\"@id\":\"https:\\\/\\\/ciac.pt\\\/en\\\/news\\\/municipal-equality-day-in-tavira-with-the-presence-of-mirian-tavares\\\/#primaryimage\",\"url\":\"https:\\\/\\\/ciac.pt\\\/wp-content\\\/uploads\\\/2024\\\/10\\\/Mirian-Tavares.jpg\",\"contentUrl\":\"https:\\\/\\\/ciac.pt\\\/wp-content\\\/uploads\\\/2024\\\/10\\\/Mirian-Tavares.jpg\"},{\"@type\":\"BreadcrumbList\",\"@id\":\"https:\\\/\\\/ciac.pt\\\/en\\\/news\\\/municipal-equality-day-in-tavira-with-the-presence-of-mirian-tavares\\\/#breadcrumb\",\"itemListElement\":[{\"@type\":\"ListItem\",\"position\":1,\"name\":\"In\u00edcio\",\"item\":\"https:\\\/\\\/ciac.pt\\\/en\\\/\"},{\"@type\":\"ListItem\",\"position\":2,\"name\":\"Municipal Equality Day in Tavira with the presence of Mirian Tavares\"}]},{\"@type\":\"WebSite\",\"@id\":\"https:\\\/\\\/ciac.pt\\\/en\\\/#website\",\"url\":\"https:\\\/\\\/ciac.pt\\\/en\\\/\",\"name\":\"CIAC\",\"description\":\"Centro de Investiga\u00e7\u00e3o em Artes e Comunica\u00e7\u00e3o\",\"publisher\":{\"@id\":\"https:\\\/\\\/ciac.pt\\\/en\\\/#organization\"},\"potentialAction\":[{\"@type\":\"SearchAction\",\"target\":{\"@type\":\"EntryPoint\",\"urlTemplate\":\"https:\\\/\\\/ciac.pt\\\/en\\\/?s={search_term_string}\"},\"query-input\":{\"@type\":\"PropertyValueSpecification\",\"valueRequired\":true,\"valueName\":\"search_term_string\"}}],\"inLanguage\":\"en-US\"},{\"@type\":\"Organization\",\"@id\":\"https:\\\/\\\/ciac.pt\\\/en\\\/#organization\",\"name\":\"CIAC\",\"url\":\"https:\\\/\\\/ciac.pt\\\/en\\\/\",\"logo\":{\"@type\":\"ImageObject\",\"inLanguage\":\"en-US\",\"@id\":\"https:\\\/\\\/ciac.pt\\\/en\\\/#\\\/schema\\\/logo\\\/image\\\/\",\"url\":\"https:\\\/\\\/ciac.pt\\\/wp-content\\\/uploads\\\/2022\\\/06\\\/logo.svg\",\"contentUrl\":\"https:\\\/\\\/ciac.pt\\\/wp-content\\\/uploads\\\/2022\\\/06\\\/logo.svg\",\"width\":184,\"height\":51,\"caption\":\"CIAC\"},\"image\":{\"@id\":\"https:\\\/\\\/ciac.pt\\\/en\\\/#\\\/schema\\\/logo\\\/image\\\/\"}},{\"@type\":\"Person\",\"@id\":\"https:\\\/\\\/ciac.pt\\\/en\\\/#\\\/schema\\\/person\\\/9c77bada9bcc70961fd0ee149ad39064\",\"name\":\"editor2\",\"image\":{\"@type\":\"ImageObject\",\"inLanguage\":\"en-US\",\"@id\":\"https:\\\/\\\/secure.gravatar.com\\\/avatar\\\/?s=96&d=mm&r=g\",\"url\":\"https:\\\/\\\/secure.gravatar.com\\\/avatar\\\/?s=96&d=mm&r=g\",\"contentUrl\":\"https:\\\/\\\/secure.gravatar.com\\\/avatar\\\/?s=96&d=mm&r=g\",\"caption\":\"editor2\"},\"url\":\"https:\\\/\\\/ciac.pt\\\/en\\\/author\\\/editor2\\\/\"}]}<\/script>\n<!-- \/ Yoast SEO plugin. -->","yoast_head_json":{"title":"Municipal Equality Day in Tavira with the presence of Mirian Tavares - CIAC","robots":{"index":"index","follow":"follow","max-snippet":"max-snippet:-1","max-image-preview":"max-image-preview:large","max-video-preview":"max-video-preview:-1"},"canonical":"https:\/\/ciac.pt\/en\/news\/municipal-equality-day-in-tavira-with-the-presence-of-mirian-tavares\/","og_locale":"en_US","og_type":"article","og_title":"Municipal Equality Day in Tavira with the presence of Mirian Tavares - CIAC","og_description":"As part of Municipal Equality Day, celebrated on 24 October, the municipality","og_url":"https:\/\/ciac.pt\/en\/news\/municipal-equality-day-in-tavira-with-the-presence-of-mirian-tavares\/","og_site_name":"CIAC","article_published_time":"2024-10-18T13:48:07+00:00","article_modified_time":"2024-11-15T17:30:56+00:00","og_image":[{"url":"https:\/\/ciac.pt\/wp-content\/uploads\/2024\/10\/Mirian-Tavares.jpg","width":1,"height":1,"type":"image\/jpeg"}],"author":"editor2","twitter_card":"summary_large_image","twitter_misc":{"Written by":"editor2","Est. reading time":"1 minute"},"schema":{"@context":"https:\/\/schema.org","@graph":[{"@type":"Article","@id":"https:\/\/ciac.pt\/en\/news\/municipal-equality-day-in-tavira-with-the-presence-of-mirian-tavares\/#article","isPartOf":{"@id":"https:\/\/ciac.pt\/en\/news\/municipal-equality-day-in-tavira-with-the-presence-of-mirian-tavares\/"},"author":{"name":"editor2","@id":"https:\/\/ciac.pt\/en\/#\/schema\/person\/9c77bada9bcc70961fd0ee149ad39064"},"headline":"Municipal Equality Day in Tavira with the presence of Mirian Tavares","datePublished":"2024-10-18T13:48:07+00:00","dateModified":"2024-11-15T17:30:56+00:00","mainEntityOfPage":{"@id":"https:\/\/ciac.pt\/en\/news\/municipal-equality-day-in-tavira-with-the-presence-of-mirian-tavares\/"},"wordCount":273,"publisher":{"@id":"https:\/\/ciac.pt\/en\/#organization"},"image":{"@id":"https:\/\/ciac.pt\/en\/news\/municipal-equality-day-in-tavira-with-the-presence-of-mirian-tavares\/#primaryimage"},"thumbnailUrl":"https:\/\/ciac.pt\/wp-content\/uploads\/2024\/10\/Mirian-Tavares.jpg","keywords":["Dissemination"],"articleSection":["News"],"inLanguage":"en-US"},{"@type":"WebPage","@id":"https:\/\/ciac.pt\/en\/news\/municipal-equality-day-in-tavira-with-the-presence-of-mirian-tavares\/","url":"https:\/\/ciac.pt\/en\/news\/municipal-equality-day-in-tavira-with-the-presence-of-mirian-tavares\/","name":"Municipal Equality Day in Tavira with the presence of Mirian Tavares - CIAC","isPartOf":{"@id":"https:\/\/ciac.pt\/en\/#website"},"primaryImageOfPage":{"@id":"https:\/\/ciac.pt\/en\/news\/municipal-equality-day-in-tavira-with-the-presence-of-mirian-tavares\/#primaryimage"},"image":{"@id":"https:\/\/ciac.pt\/en\/news\/municipal-equality-day-in-tavira-with-the-presence-of-mirian-tavares\/#primaryimage"},"thumbnailUrl":"https:\/\/ciac.pt\/wp-content\/uploads\/2024\/10\/Mirian-Tavares.jpg","datePublished":"2024-10-18T13:48:07+00:00","dateModified":"2024-11-15T17:30:56+00:00","breadcrumb":{"@id":"https:\/\/ciac.pt\/en\/news\/municipal-equality-day-in-tavira-with-the-presence-of-mirian-tavares\/#breadcrumb"},"inLanguage":"en-US","potentialAction":[{"@type":"ReadAction","target":["https:\/\/ciac.pt\/en\/news\/municipal-equality-day-in-tavira-with-the-presence-of-mirian-tavares\/"]}]},{"@type":"ImageObject","inLanguage":"en-US","@id":"https:\/\/ciac.pt\/en\/news\/municipal-equality-day-in-tavira-with-the-presence-of-mirian-tavares\/#primaryimage","url":"https:\/\/ciac.pt\/wp-content\/uploads\/2024\/10\/Mirian-Tavares.jpg","contentUrl":"https:\/\/ciac.pt\/wp-content\/uploads\/2024\/10\/Mirian-Tavares.jpg"},{"@type":"BreadcrumbList","@id":"https:\/\/ciac.pt\/en\/news\/municipal-equality-day-in-tavira-with-the-presence-of-mirian-tavares\/#breadcrumb","itemListElement":[{"@type":"ListItem","position":1,"name":"In\u00edcio","item":"https:\/\/ciac.pt\/en\/"},{"@type":"ListItem","position":2,"name":"Municipal Equality Day in Tavira with the presence of Mirian Tavares"}]},{"@type":"WebSite","@id":"https:\/\/ciac.pt\/en\/#website","url":"https:\/\/ciac.pt\/en\/","name":"CIAC","description":"Centro de Investiga\u00e7\u00e3o em Artes e Comunica\u00e7\u00e3o","publisher":{"@id":"https:\/\/ciac.pt\/en\/#organization"},"potentialAction":[{"@type":"SearchAction","target":{"@type":"EntryPoint","urlTemplate":"https:\/\/ciac.pt\/en\/?s={search_term_string}"},"query-input":{"@type":"PropertyValueSpecification","valueRequired":true,"valueName":"search_term_string"}}],"inLanguage":"en-US"},{"@type":"Organization","@id":"https:\/\/ciac.pt\/en\/#organization","name":"CIAC","url":"https:\/\/ciac.pt\/en\/","logo":{"@type":"ImageObject","inLanguage":"en-US","@id":"https:\/\/ciac.pt\/en\/#\/schema\/logo\/image\/","url":"https:\/\/ciac.pt\/wp-content\/uploads\/2022\/06\/logo.svg","contentUrl":"https:\/\/ciac.pt\/wp-content\/uploads\/2022\/06\/logo.svg","width":184,"height":51,"caption":"CIAC"},"image":{"@id":"https:\/\/ciac.pt\/en\/#\/schema\/logo\/image\/"}},{"@type":"Person","@id":"https:\/\/ciac.pt\/en\/#\/schema\/person\/9c77bada9bcc70961fd0ee149ad39064","name":"editor2","image":{"@type":"ImageObject","inLanguage":"en-US","@id":"https:\/\/secure.gravatar.com\/avatar\/?s=96&d=mm&r=g","url":"https:\/\/secure.gravatar.com\/avatar\/?s=96&d=mm&r=g","contentUrl":"https:\/\/secure.gravatar.com\/avatar\/?s=96&d=mm&r=g","caption":"editor2"},"url":"https:\/\/ciac.pt\/en\/author\/editor2\/"}]}},"author_meta":{"display_name":"editor2","author_link":"https:\/\/ciac.pt\/en\/author\/editor2\/"},"featured_img":"https:\/\/ciac.pt\/wp-content\/uploads\/2024\/10\/Mirian-Tavares.jpg","coauthors":[],"tax_additional":{"categories":{"linked":["<a href=\"https:\/\/ciac.pt\/en\/.\/news\/\" class=\"advgb-post-tax-term\">News<\/a>"],"unlinked":["<span class=\"advgb-post-tax-term\">News<\/span>"]},"tags":{"linked":["<a href=\"https:\/\/ciac.pt\/en\/.\/news\/\" class=\"advgb-post-tax-term\">Dissemination<\/a>"],"unlinked":["<span class=\"advgb-post-tax-term\">Dissemination<\/span>"]}},"comment_count":0,"relative_dates":{"created":"Posted 2 years ago","modified":"Updated 1 year ago"},"absolute_dates":{"created":"Posted on 18\/10\/2024","modified":"Updated on 15\/11\/2024"},"absolute_dates_time":{"created":"Posted on 18\/10\/2024 14:48","modified":"Updated on 15\/11\/2024 17:30"},"featured_img_caption":"","series_order":"","_links":{"self":[{"href":"https:\/\/ciac.pt\/en\/wp-json\/wp\/v2\/posts\/9510","targetHints":{"allow":["GET"]}}],"collection":[{"href":"https:\/\/ciac.pt\/en\/wp-json\/wp\/v2\/posts"}],"about":[{"href":"https:\/\/ciac.pt\/en\/wp-json\/wp\/v2\/types\/post"}],"author":[{"embeddable":true,"href":"https:\/\/ciac.pt\/en\/wp-json\/wp\/v2\/users\/4"}],"replies":[{"embeddable":true,"href":"https:\/\/ciac.pt\/en\/wp-json\/wp\/v2\/comments?post=9510"}],"version-history":[{"count":2,"href":"https:\/\/ciac.pt\/en\/wp-json\/wp\/v2\/posts\/9510\/revisions"}],"predecessor-version":[{"id":9717,"href":"https:\/\/ciac.pt\/en\/wp-json\/wp\/v2\/posts\/9510\/revisions\/9717"}],"wp:featuredmedia":[{"embeddable":true,"href":"https:\/\/ciac.pt\/en\/wp-json\/wp\/v2\/media\/9456"}],"wp:attachment":[{"href":"https:\/\/ciac.pt\/en\/wp-json\/wp\/v2\/media?parent=9510"}],"wp:term":[{"taxonomy":"category","embeddable":true,"href":"https:\/\/ciac.pt\/en\/wp-json\/wp\/v2\/categories?post=9510"},{"taxonomy":"post_tag","embeddable":true,"href":"https:\/\/ciac.pt\/en\/wp-json\/wp\/v2\/tags?post=9510"}],"curies":[{"name":"wp","href":"https:\/\/api.w.org\/{rel}","templated":true}]}}