{"id":9845,"date":"2024-10-21T12:32:49","date_gmt":"2024-10-21T11:32:49","guid":{"rendered":"https:\/\/ciac.pt\/?p=9845"},"modified":"2024-11-15T17:34:18","modified_gmt":"2024-11-15T17:34:18","slug":"maria-potes-barbas-honoured-with-international-award-from-targu-jiu-university","status":"publish","type":"post","link":"https:\/\/ciac.pt\/en\/news\/maria-potes-barbas-honoured-with-international-award-from-targu-jiu-university\/","title":{"rendered":"Maria Potes Barbas honoured with international award from Targu Jiu University"},"content":{"rendered":"\n<div class=\"wp-block-group alignwide\"><div class=\"wp-block-group__inner-container is-layout-constrained wp-block-group-is-layout-constrained\">\n\n\n\n\n<figure class=\"wp-block-image size-full is-resized\"><a href=\"https:\/\/ciac.pt\/wp-content\/uploads\/2024\/10\/Maria-POTES-BARBAS.jpg\"><img decoding=\"async\" data-src=\"https:\/\/ciac.pt\/wp-content\/uploads\/2024\/10\/Maria-POTES-BARBAS.jpg\" alt=\"\" class=\"wp-image-9529 lazyload\" style=\"--smush-placeholder-width: 1620px; --smush-placeholder-aspect-ratio: 1620\/1215;width:auto;height:300px\" src=\"data:image\/svg+xml;base64,PHN2ZyB3aWR0aD0iMSIgaGVpZ2h0PSIxIiB4bWxucz0iaHR0cDovL3d3dy53My5vcmcvMjAwMC9zdmciPjwvc3ZnPg==\" \/><\/a><\/figure>\n\n\n<h1 class=\"wp-block-post-title\">Maria Potes Barbas honoured with international award from Targu Jiu University<\/h1>\n\n<div class=\"wp-block-post-date has-text-color has-cyan-bluish-gray-color\"><time datetime=\"2024-10-21T12:32:49+01:00\">21\/10\/2024<\/time><\/div>\n\n\n<hr class=\"wp-block-separator has-text-color has-white-color has-alpha-channel-opacity has-white-background-color has-background\"\/>\n\n\n\n<p>Maria Potes Barbas, researcher and coordinator of CIAC&#8217;s Digital Literacy and Social Inclusion Hub (CIAC_LDIS), has received an award recognising her work in innovation and digital inclusion, a contribution to the development of educational and social projects at European level.<\/p>\n\n\n\n<p>The award emphasises the researcher&#8217;s excellence in the field of multimedia communication and education, as well as her involvement in digital literacy and social inclusion initiatives.<\/p>\n\n\n\n<p>Maria Potes Barbas has a PhD in Communication and Multimedia Education from Universidade Aberta and a post-doctorate from the University of Aveiro. Her research focuses on topics such as digital literacy, social inclusion, technological innovation and entrepreneurship, and she was recently appointed ambassador for the European Union&#8217;s \u2018e-Skills for Jobs\u2019 initiative, which promotes digital training and youth employment.<\/p>\n\n\n\n<p>The award was presented by the rector of Romania&#8217;s Constantin Br\u00e2ncu\u0219i \u2014 Targu Jiu University, Professor Lumini\u021ba-Georgeta Popescu.<\/p>\n\n\n\n<hr class=\"wp-block-separator alignwide has-alpha-channel-opacity is-style-wide separador-mais-info\"\/>\n\n\n<\/div><\/div>\n\n\n\n<p><\/p>\n","protected":false},"excerpt":{"rendered":"<p>Maria Potes Barbas, researcher and coordinator of CIAC&#8217;s Digital Literacy and Social<\/p>\n","protected":false},"author":4,"featured_media":9530,"comment_status":"closed","ping_status":"closed","sticky":false,"template":"","format":"standard","meta":{"_eb_attr":"","inline_featured_image":false,"advgb_blocks_editor_width":"","advgb_blocks_columns_visual_guide":"","footnotes":"","_links_to":"","_links_to_target":""},"categories":[61],"tags":[154],"class_list":["post-9845","post","type-post","status-publish","format-standard","has-post-thumbnail","hentry","category-news","tag-award"],"yoast_head":"<!-- This site is optimized with the Yoast SEO plugin v27.4 - https:\/\/yoast.com\/product\/yoast-seo-wordpress\/ -->\n<title>Maria Potes Barbas honoured with international award from Targu Jiu University - CIAC<\/title>\n<meta name=\"robots\" content=\"index, follow, max-snippet:-1, max-image-preview:large, max-video-preview:-1\" \/>\n<link rel=\"canonical\" href=\"https:\/\/ciac.pt\/en\/news\/maria-potes-barbas-honoured-with-international-award-from-targu-jiu-university\/\" \/>\n<meta property=\"og:locale\" content=\"en_US\" \/>\n<meta property=\"og:type\" content=\"article\" \/>\n<meta property=\"og:title\" content=\"Maria Potes Barbas honoured with international award from Targu Jiu University - CIAC\" \/>\n<meta property=\"og:description\" content=\"Maria Potes Barbas, researcher and coordinator of CIAC&#8217;s Digital Literacy and Social\" \/>\n<meta property=\"og:url\" content=\"https:\/\/ciac.pt\/en\/news\/maria-potes-barbas-honoured-with-international-award-from-targu-jiu-university\/\" \/>\n<meta property=\"og:site_name\" content=\"CIAC\" \/>\n<meta property=\"article:published_time\" content=\"2024-10-21T11:32:49+00:00\" \/>\n<meta property=\"article:modified_time\" content=\"2024-11-15T17:34:18+00:00\" \/>\n<meta property=\"og:image\" content=\"https:\/\/ciac.pt\/wp-content\/uploads\/2024\/10\/Maria-POTES-BARBAS.jpg\" \/>\n\t<meta property=\"og:image:width\" content=\"1\" \/>\n\t<meta property=\"og:image:height\" content=\"1\" \/>\n\t<meta property=\"og:image:type\" content=\"image\/jpeg\" \/>\n<meta name=\"author\" content=\"editor2\" \/>\n<meta name=\"twitter:card\" content=\"summary_large_image\" \/>\n<meta name=\"twitter:label1\" content=\"Written by\" \/>\n\t<meta name=\"twitter:data1\" content=\"editor2\" \/>\n\t<meta name=\"twitter:label2\" content=\"Est. reading time\" \/>\n\t<meta name=\"twitter:data2\" content=\"1 minute\" \/>\n<script type=\"application\/ld+json\" class=\"yoast-schema-graph\">{\"@context\":\"https:\\\/\\\/schema.org\",\"@graph\":[{\"@type\":\"Article\",\"@id\":\"https:\\\/\\\/ciac.pt\\\/en\\\/news\\\/maria-potes-barbas-honoured-with-international-award-from-targu-jiu-university\\\/#article\",\"isPartOf\":{\"@id\":\"https:\\\/\\\/ciac.pt\\\/en\\\/news\\\/maria-potes-barbas-honoured-with-international-award-from-targu-jiu-university\\\/\"},\"author\":{\"name\":\"editor2\",\"@id\":\"https:\\\/\\\/ciac.pt\\\/en\\\/#\\\/schema\\\/person\\\/9c77bada9bcc70961fd0ee149ad39064\"},\"headline\":\"Maria Potes Barbas honoured with international award from Targu Jiu University\",\"datePublished\":\"2024-10-21T11:32:49+00:00\",\"dateModified\":\"2024-11-15T17:34:18+00:00\",\"mainEntityOfPage\":{\"@id\":\"https:\\\/\\\/ciac.pt\\\/en\\\/news\\\/maria-potes-barbas-honoured-with-international-award-from-targu-jiu-university\\\/\"},\"wordCount\":159,\"publisher\":{\"@id\":\"https:\\\/\\\/ciac.pt\\\/en\\\/#organization\"},\"image\":{\"@id\":\"https:\\\/\\\/ciac.pt\\\/en\\\/news\\\/maria-potes-barbas-honoured-with-international-award-from-targu-jiu-university\\\/#primaryimage\"},\"thumbnailUrl\":\"https:\\\/\\\/ciac.pt\\\/wp-content\\\/uploads\\\/2024\\\/10\\\/Maria-POTES-BARBAS.jpg\",\"keywords\":[\"Award\"],\"articleSection\":[\"News\"],\"inLanguage\":\"en-US\"},{\"@type\":\"WebPage\",\"@id\":\"https:\\\/\\\/ciac.pt\\\/en\\\/news\\\/maria-potes-barbas-honoured-with-international-award-from-targu-jiu-university\\\/\",\"url\":\"https:\\\/\\\/ciac.pt\\\/en\\\/news\\\/maria-potes-barbas-honoured-with-international-award-from-targu-jiu-university\\\/\",\"name\":\"Maria Potes Barbas honoured with international award from Targu Jiu University - CIAC\",\"isPartOf\":{\"@id\":\"https:\\\/\\\/ciac.pt\\\/en\\\/#website\"},\"primaryImageOfPage\":{\"@id\":\"https:\\\/\\\/ciac.pt\\\/en\\\/news\\\/maria-potes-barbas-honoured-with-international-award-from-targu-jiu-university\\\/#primaryimage\"},\"image\":{\"@id\":\"https:\\\/\\\/ciac.pt\\\/en\\\/news\\\/maria-potes-barbas-honoured-with-international-award-from-targu-jiu-university\\\/#primaryimage\"},\"thumbnailUrl\":\"https:\\\/\\\/ciac.pt\\\/wp-content\\\/uploads\\\/2024\\\/10\\\/Maria-POTES-BARBAS.jpg\",\"datePublished\":\"2024-10-21T11:32:49+00:00\",\"dateModified\":\"2024-11-15T17:34:18+00:00\",\"breadcrumb\":{\"@id\":\"https:\\\/\\\/ciac.pt\\\/en\\\/news\\\/maria-potes-barbas-honoured-with-international-award-from-targu-jiu-university\\\/#breadcrumb\"},\"inLanguage\":\"en-US\",\"potentialAction\":[{\"@type\":\"ReadAction\",\"target\":[\"https:\\\/\\\/ciac.pt\\\/en\\\/news\\\/maria-potes-barbas-honoured-with-international-award-from-targu-jiu-university\\\/\"]}]},{\"@type\":\"ImageObject\",\"inLanguage\":\"en-US\",\"@id\":\"https:\\\/\\\/ciac.pt\\\/en\\\/news\\\/maria-potes-barbas-honoured-with-international-award-from-targu-jiu-university\\\/#primaryimage\",\"url\":\"https:\\\/\\\/ciac.pt\\\/wp-content\\\/uploads\\\/2024\\\/10\\\/Maria-POTES-BARBAS.jpg\",\"contentUrl\":\"https:\\\/\\\/ciac.pt\\\/wp-content\\\/uploads\\\/2024\\\/10\\\/Maria-POTES-BARBAS.jpg\"},{\"@type\":\"BreadcrumbList\",\"@id\":\"https:\\\/\\\/ciac.pt\\\/en\\\/news\\\/maria-potes-barbas-honoured-with-international-award-from-targu-jiu-university\\\/#breadcrumb\",\"itemListElement\":[{\"@type\":\"ListItem\",\"position\":1,\"name\":\"In\u00edcio\",\"item\":\"https:\\\/\\\/ciac.pt\\\/en\\\/\"},{\"@type\":\"ListItem\",\"position\":2,\"name\":\"Maria Potes Barbas honoured with international award from Targu Jiu University\"}]},{\"@type\":\"WebSite\",\"@id\":\"https:\\\/\\\/ciac.pt\\\/en\\\/#website\",\"url\":\"https:\\\/\\\/ciac.pt\\\/en\\\/\",\"name\":\"CIAC\",\"description\":\"Centro de Investiga\u00e7\u00e3o em Artes e Comunica\u00e7\u00e3o\",\"publisher\":{\"@id\":\"https:\\\/\\\/ciac.pt\\\/en\\\/#organization\"},\"potentialAction\":[{\"@type\":\"SearchAction\",\"target\":{\"@type\":\"EntryPoint\",\"urlTemplate\":\"https:\\\/\\\/ciac.pt\\\/en\\\/?s={search_term_string}\"},\"query-input\":{\"@type\":\"PropertyValueSpecification\",\"valueRequired\":true,\"valueName\":\"search_term_string\"}}],\"inLanguage\":\"en-US\"},{\"@type\":\"Organization\",\"@id\":\"https:\\\/\\\/ciac.pt\\\/en\\\/#organization\",\"name\":\"CIAC\",\"url\":\"https:\\\/\\\/ciac.pt\\\/en\\\/\",\"logo\":{\"@type\":\"ImageObject\",\"inLanguage\":\"en-US\",\"@id\":\"https:\\\/\\\/ciac.pt\\\/en\\\/#\\\/schema\\\/logo\\\/image\\\/\",\"url\":\"https:\\\/\\\/ciac.pt\\\/wp-content\\\/uploads\\\/2022\\\/06\\\/logo.svg\",\"contentUrl\":\"https:\\\/\\\/ciac.pt\\\/wp-content\\\/uploads\\\/2022\\\/06\\\/logo.svg\",\"width\":184,\"height\":51,\"caption\":\"CIAC\"},\"image\":{\"@id\":\"https:\\\/\\\/ciac.pt\\\/en\\\/#\\\/schema\\\/logo\\\/image\\\/\"}},{\"@type\":\"Person\",\"@id\":\"https:\\\/\\\/ciac.pt\\\/en\\\/#\\\/schema\\\/person\\\/9c77bada9bcc70961fd0ee149ad39064\",\"name\":\"editor2\",\"image\":{\"@type\":\"ImageObject\",\"inLanguage\":\"en-US\",\"@id\":\"https:\\\/\\\/secure.gravatar.com\\\/avatar\\\/?s=96&d=mm&r=g\",\"url\":\"https:\\\/\\\/secure.gravatar.com\\\/avatar\\\/?s=96&d=mm&r=g\",\"contentUrl\":\"https:\\\/\\\/secure.gravatar.com\\\/avatar\\\/?s=96&d=mm&r=g\",\"caption\":\"editor2\"},\"url\":\"https:\\\/\\\/ciac.pt\\\/en\\\/author\\\/editor2\\\/\"}]}<\/script>\n<!-- \/ Yoast SEO plugin. -->","yoast_head_json":{"title":"Maria Potes Barbas honoured with international award from Targu Jiu University - CIAC","robots":{"index":"index","follow":"follow","max-snippet":"max-snippet:-1","max-image-preview":"max-image-preview:large","max-video-preview":"max-video-preview:-1"},"canonical":"https:\/\/ciac.pt\/en\/news\/maria-potes-barbas-honoured-with-international-award-from-targu-jiu-university\/","og_locale":"en_US","og_type":"article","og_title":"Maria Potes Barbas honoured with international award from Targu Jiu University - CIAC","og_description":"Maria Potes Barbas, researcher and coordinator of CIAC&#8217;s Digital Literacy and Social","og_url":"https:\/\/ciac.pt\/en\/news\/maria-potes-barbas-honoured-with-international-award-from-targu-jiu-university\/","og_site_name":"CIAC","article_published_time":"2024-10-21T11:32:49+00:00","article_modified_time":"2024-11-15T17:34:18+00:00","og_image":[{"url":"https:\/\/ciac.pt\/wp-content\/uploads\/2024\/10\/Maria-POTES-BARBAS.jpg","width":1,"height":1,"type":"image\/jpeg"}],"author":"editor2","twitter_card":"summary_large_image","twitter_misc":{"Written by":"editor2","Est. reading time":"1 minute"},"schema":{"@context":"https:\/\/schema.org","@graph":[{"@type":"Article","@id":"https:\/\/ciac.pt\/en\/news\/maria-potes-barbas-honoured-with-international-award-from-targu-jiu-university\/#article","isPartOf":{"@id":"https:\/\/ciac.pt\/en\/news\/maria-potes-barbas-honoured-with-international-award-from-targu-jiu-university\/"},"author":{"name":"editor2","@id":"https:\/\/ciac.pt\/en\/#\/schema\/person\/9c77bada9bcc70961fd0ee149ad39064"},"headline":"Maria Potes Barbas honoured with international award from Targu Jiu University","datePublished":"2024-10-21T11:32:49+00:00","dateModified":"2024-11-15T17:34:18+00:00","mainEntityOfPage":{"@id":"https:\/\/ciac.pt\/en\/news\/maria-potes-barbas-honoured-with-international-award-from-targu-jiu-university\/"},"wordCount":159,"publisher":{"@id":"https:\/\/ciac.pt\/en\/#organization"},"image":{"@id":"https:\/\/ciac.pt\/en\/news\/maria-potes-barbas-honoured-with-international-award-from-targu-jiu-university\/#primaryimage"},"thumbnailUrl":"https:\/\/ciac.pt\/wp-content\/uploads\/2024\/10\/Maria-POTES-BARBAS.jpg","keywords":["Award"],"articleSection":["News"],"inLanguage":"en-US"},{"@type":"WebPage","@id":"https:\/\/ciac.pt\/en\/news\/maria-potes-barbas-honoured-with-international-award-from-targu-jiu-university\/","url":"https:\/\/ciac.pt\/en\/news\/maria-potes-barbas-honoured-with-international-award-from-targu-jiu-university\/","name":"Maria Potes Barbas honoured with international award from Targu Jiu University - CIAC","isPartOf":{"@id":"https:\/\/ciac.pt\/en\/#website"},"primaryImageOfPage":{"@id":"https:\/\/ciac.pt\/en\/news\/maria-potes-barbas-honoured-with-international-award-from-targu-jiu-university\/#primaryimage"},"image":{"@id":"https:\/\/ciac.pt\/en\/news\/maria-potes-barbas-honoured-with-international-award-from-targu-jiu-university\/#primaryimage"},"thumbnailUrl":"https:\/\/ciac.pt\/wp-content\/uploads\/2024\/10\/Maria-POTES-BARBAS.jpg","datePublished":"2024-10-21T11:32:49+00:00","dateModified":"2024-11-15T17:34:18+00:00","breadcrumb":{"@id":"https:\/\/ciac.pt\/en\/news\/maria-potes-barbas-honoured-with-international-award-from-targu-jiu-university\/#breadcrumb"},"inLanguage":"en-US","potentialAction":[{"@type":"ReadAction","target":["https:\/\/ciac.pt\/en\/news\/maria-potes-barbas-honoured-with-international-award-from-targu-jiu-university\/"]}]},{"@type":"ImageObject","inLanguage":"en-US","@id":"https:\/\/ciac.pt\/en\/news\/maria-potes-barbas-honoured-with-international-award-from-targu-jiu-university\/#primaryimage","url":"https:\/\/ciac.pt\/wp-content\/uploads\/2024\/10\/Maria-POTES-BARBAS.jpg","contentUrl":"https:\/\/ciac.pt\/wp-content\/uploads\/2024\/10\/Maria-POTES-BARBAS.jpg"},{"@type":"BreadcrumbList","@id":"https:\/\/ciac.pt\/en\/news\/maria-potes-barbas-honoured-with-international-award-from-targu-jiu-university\/#breadcrumb","itemListElement":[{"@type":"ListItem","position":1,"name":"In\u00edcio","item":"https:\/\/ciac.pt\/en\/"},{"@type":"ListItem","position":2,"name":"Maria Potes Barbas honoured with international award from Targu Jiu University"}]},{"@type":"WebSite","@id":"https:\/\/ciac.pt\/en\/#website","url":"https:\/\/ciac.pt\/en\/","name":"CIAC","description":"Centro de Investiga\u00e7\u00e3o em Artes e Comunica\u00e7\u00e3o","publisher":{"@id":"https:\/\/ciac.pt\/en\/#organization"},"potentialAction":[{"@type":"SearchAction","target":{"@type":"EntryPoint","urlTemplate":"https:\/\/ciac.pt\/en\/?s={search_term_string}"},"query-input":{"@type":"PropertyValueSpecification","valueRequired":true,"valueName":"search_term_string"}}],"inLanguage":"en-US"},{"@type":"Organization","@id":"https:\/\/ciac.pt\/en\/#organization","name":"CIAC","url":"https:\/\/ciac.pt\/en\/","logo":{"@type":"ImageObject","inLanguage":"en-US","@id":"https:\/\/ciac.pt\/en\/#\/schema\/logo\/image\/","url":"https:\/\/ciac.pt\/wp-content\/uploads\/2022\/06\/logo.svg","contentUrl":"https:\/\/ciac.pt\/wp-content\/uploads\/2022\/06\/logo.svg","width":184,"height":51,"caption":"CIAC"},"image":{"@id":"https:\/\/ciac.pt\/en\/#\/schema\/logo\/image\/"}},{"@type":"Person","@id":"https:\/\/ciac.pt\/en\/#\/schema\/person\/9c77bada9bcc70961fd0ee149ad39064","name":"editor2","image":{"@type":"ImageObject","inLanguage":"en-US","@id":"https:\/\/secure.gravatar.com\/avatar\/?s=96&d=mm&r=g","url":"https:\/\/secure.gravatar.com\/avatar\/?s=96&d=mm&r=g","contentUrl":"https:\/\/secure.gravatar.com\/avatar\/?s=96&d=mm&r=g","caption":"editor2"},"url":"https:\/\/ciac.pt\/en\/author\/editor2\/"}]}},"author_meta":{"display_name":"editor2","author_link":"https:\/\/ciac.pt\/en\/author\/editor2\/"},"featured_img":"https:\/\/ciac.pt\/wp-content\/uploads\/2024\/10\/Maria-POTES-BARBAS.jpg","coauthors":[],"tax_additional":{"categories":{"linked":["<a href=\"https:\/\/ciac.pt\/en\/.\/news\/\" class=\"advgb-post-tax-term\">News<\/a>"],"unlinked":["<span class=\"advgb-post-tax-term\">News<\/span>"]},"tags":{"linked":["<a href=\"https:\/\/ciac.pt\/en\/.\/news\/\" class=\"advgb-post-tax-term\">Award<\/a>"],"unlinked":["<span class=\"advgb-post-tax-term\">Award<\/span>"]}},"comment_count":0,"relative_dates":{"created":"Posted 2 years ago","modified":"Updated 1 year ago"},"absolute_dates":{"created":"Posted on 21\/10\/2024","modified":"Updated on 15\/11\/2024"},"absolute_dates_time":{"created":"Posted on 21\/10\/2024 12:32","modified":"Updated on 15\/11\/2024 17:34"},"featured_img_caption":"","series_order":"","_links":{"self":[{"href":"https:\/\/ciac.pt\/en\/wp-json\/wp\/v2\/posts\/9845","targetHints":{"allow":["GET"]}}],"collection":[{"href":"https:\/\/ciac.pt\/en\/wp-json\/wp\/v2\/posts"}],"about":[{"href":"https:\/\/ciac.pt\/en\/wp-json\/wp\/v2\/types\/post"}],"author":[{"embeddable":true,"href":"https:\/\/ciac.pt\/en\/wp-json\/wp\/v2\/users\/4"}],"replies":[{"embeddable":true,"href":"https:\/\/ciac.pt\/en\/wp-json\/wp\/v2\/comments?post=9845"}],"version-history":[{"count":2,"href":"https:\/\/ciac.pt\/en\/wp-json\/wp\/v2\/posts\/9845\/revisions"}],"predecessor-version":[{"id":9860,"href":"https:\/\/ciac.pt\/en\/wp-json\/wp\/v2\/posts\/9845\/revisions\/9860"}],"wp:featuredmedia":[{"embeddable":true,"href":"https:\/\/ciac.pt\/en\/wp-json\/wp\/v2\/media\/9530"}],"wp:attachment":[{"href":"https:\/\/ciac.pt\/en\/wp-json\/wp\/v2\/media?parent=9845"}],"wp:term":[{"taxonomy":"category","embeddable":true,"href":"https:\/\/ciac.pt\/en\/wp-json\/wp\/v2\/categories?post=9845"},{"taxonomy":"post_tag","embeddable":true,"href":"https:\/\/ciac.pt\/en\/wp-json\/wp\/v2\/tags?post=9845"}],"curies":[{"name":"wp","href":"https:\/\/api.w.org\/{rel}","templated":true}]}}