{"id":9872,"date":"2024-10-24T16:38:26","date_gmt":"2024-10-24T15:38:26","guid":{"rendered":"https:\/\/ciac.pt\/?p=9872"},"modified":"2024-11-15T17:00:27","modified_gmt":"2024-11-15T17:00:27","slug":"vania-de-sousa-gives-communication-sciences-seminar-on-strategic-communication","status":"publish","type":"post","link":"https:\/\/ciac.pt\/en\/news\/vania-de-sousa-gives-communication-sciences-seminar-on-strategic-communication\/","title":{"rendered":"V\u00e2nia de Sousa gives Communication Sciences seminar on Strategic Communication"},"content":{"rendered":"\n<div class=\"wp-block-group alignwide\"><div class=\"wp-block-group__inner-container is-layout-constrained wp-block-group-is-layout-constrained\">\n\n\n\n\n<figure class=\"wp-block-image size-full is-resized\"><a href=\"https:\/\/ciac.pt\/wp-content\/uploads\/2024\/10\/CC24-vania-de-sousa-Web.jpg\"><img decoding=\"async\" data-src=\"https:\/\/ciac.pt\/wp-content\/uploads\/2024\/10\/CC24-vania-de-sousa-Web.jpg\" alt=\"\" class=\"wp-image-9658 lazyload\" style=\"--smush-placeholder-width: 1754px; --smush-placeholder-aspect-ratio: 1754\/2480;width:auto;height:300px\" src=\"data:image\/svg+xml;base64,PHN2ZyB3aWR0aD0iMSIgaGVpZ2h0PSIxIiB4bWxucz0iaHR0cDovL3d3dy53My5vcmcvMjAwMC9zdmciPjwvc3ZnPg==\" \/><\/a><\/figure>\n\n\n<h1 class=\"wp-block-post-title\">V\u00e2nia de Sousa gives Communication Sciences seminar on Strategic Communication<\/h1>\n\n<div class=\"wp-block-post-date has-text-color has-cyan-bluish-gray-color\"><time datetime=\"2024-10-24T16:38:26+01:00\">24\/10\/2024<\/time><\/div>\n\n\n<hr class=\"wp-block-separator has-text-color has-white-color has-alpha-channel-opacity has-white-background-color has-background\"\/>\n\n\n\n<p>The next\u00a0<em><strong>Communication Sciences Seminar,<\/strong><\/em>\u00a0with the theme &#8220;Strategic brand communication: presence and relevance in digital&#8221;, will be given by V\u00e2nia de Sousa. The session will take place on October 31st, remotely, at 14h00.<\/p>\n\n\n\n<p>V\u00e2nia de Sousa specialises in communication and marketing in health, tourism and the creative industries. She teaches at the Digital Academy of Turism of Portugal and specialises in communication at the Phormula Group \u2014 Creating Smart Healthcare Experiences. She has a Master&#8217;s degree in Communication and Management of Creative Industries from the Faculty of Arts of the University of Porto and is studying for a PhD in Communication at the University of Vigo.<\/p>\n\n\n\n<p>The Digital Marketing seminar will be held remotely as part of the Digital Marketing curricular unit taught by Professor C\u00e1rmen Monereo to 3rd year Communication Sciences undergraduates and 2nd year CTeSP Design and Multimedia Technologies students. It will be open to the public via Zoom, using the&nbsp;<a href=\"https:\/\/bit.ly\/40eeNwY\">link<\/a> provided.<\/p>\n\n\n\n<p>The\u00a0<strong><em><strong>Communication Sciences Seminar Cycle<\/strong><\/em><\/strong>\u00a0is an initiative that has been developed in recent years in conjunction with professionals and the community. The sessions are organised by researchers from CIAC&#8217;s research group on Communication Sciences, who teach on the undergraduate degree in Communication Sciences and the master&#8217;s degree in Communication and Digital Media at ESEC-UAlg.<\/p>\n\n\n\n<hr class=\"wp-block-separator alignwide has-alpha-channel-opacity is-style-wide separador-mais-info\"\/>\n\n\n<\/div><\/div>\n","protected":false},"excerpt":{"rendered":"<p>The next\u00a0Communication Sciences Seminar,\u00a0with the theme &#8220;Strategic brand communication: presence and relevance<\/p>\n","protected":false},"author":4,"featured_media":9654,"comment_status":"closed","ping_status":"closed","sticky":false,"template":"","format":"standard","meta":{"_eb_attr":"","inline_featured_image":false,"advgb_blocks_editor_width":"","advgb_blocks_columns_visual_guide":"","footnotes":"","_links_to":"","_links_to_target":""},"categories":[61],"tags":[128],"class_list":["post-9872","post","type-post","status-publish","format-standard","has-post-thumbnail","hentry","category-news","tag-event"],"yoast_head":"<!-- This site is optimized with the Yoast SEO plugin v27.4 - https:\/\/yoast.com\/product\/yoast-seo-wordpress\/ -->\n<title>V\u00e2nia de Sousa gives Communication Sciences seminar on Strategic Communication - CIAC<\/title>\n<meta name=\"robots\" content=\"index, follow, max-snippet:-1, max-image-preview:large, max-video-preview:-1\" \/>\n<link rel=\"canonical\" href=\"https:\/\/ciac.pt\/en\/news\/vania-de-sousa-gives-communication-sciences-seminar-on-strategic-communication\/\" \/>\n<meta property=\"og:locale\" content=\"en_US\" \/>\n<meta property=\"og:type\" content=\"article\" \/>\n<meta property=\"og:title\" content=\"V\u00e2nia de Sousa gives Communication Sciences seminar on Strategic Communication - CIAC\" \/>\n<meta property=\"og:description\" content=\"The next\u00a0Communication Sciences Seminar,\u00a0with the theme &#8220;Strategic brand communication: presence and relevance\" \/>\n<meta property=\"og:url\" content=\"https:\/\/ciac.pt\/en\/news\/vania-de-sousa-gives-communication-sciences-seminar-on-strategic-communication\/\" \/>\n<meta property=\"og:site_name\" content=\"CIAC\" \/>\n<meta property=\"article:published_time\" content=\"2024-10-24T15:38:26+00:00\" \/>\n<meta property=\"article:modified_time\" content=\"2024-11-15T17:00:27+00:00\" \/>\n<meta property=\"og:image\" content=\"https:\/\/ciac.pt\/wp-content\/uploads\/2024\/10\/CC.jpg\" \/>\n\t<meta property=\"og:image:width\" content=\"1\" \/>\n\t<meta property=\"og:image:height\" content=\"1\" \/>\n\t<meta property=\"og:image:type\" content=\"image\/jpeg\" \/>\n<meta name=\"author\" content=\"editor2\" \/>\n<meta name=\"twitter:card\" content=\"summary_large_image\" \/>\n<meta name=\"twitter:label1\" content=\"Written by\" \/>\n\t<meta name=\"twitter:data1\" content=\"editor2\" \/>\n\t<meta name=\"twitter:label2\" content=\"Est. reading time\" \/>\n\t<meta name=\"twitter:data2\" content=\"1 minute\" \/>\n<script type=\"application\/ld+json\" class=\"yoast-schema-graph\">{\"@context\":\"https:\\\/\\\/schema.org\",\"@graph\":[{\"@type\":\"Article\",\"@id\":\"https:\\\/\\\/ciac.pt\\\/en\\\/news\\\/vania-de-sousa-gives-communication-sciences-seminar-on-strategic-communication\\\/#article\",\"isPartOf\":{\"@id\":\"https:\\\/\\\/ciac.pt\\\/en\\\/news\\\/vania-de-sousa-gives-communication-sciences-seminar-on-strategic-communication\\\/\"},\"author\":{\"name\":\"editor2\",\"@id\":\"https:\\\/\\\/ciac.pt\\\/en\\\/#\\\/schema\\\/person\\\/9c77bada9bcc70961fd0ee149ad39064\"},\"headline\":\"V\u00e2nia de Sousa gives Communication Sciences seminar on Strategic Communication\",\"datePublished\":\"2024-10-24T15:38:26+00:00\",\"dateModified\":\"2024-11-15T17:00:27+00:00\",\"mainEntityOfPage\":{\"@id\":\"https:\\\/\\\/ciac.pt\\\/en\\\/news\\\/vania-de-sousa-gives-communication-sciences-seminar-on-strategic-communication\\\/\"},\"wordCount\":228,\"publisher\":{\"@id\":\"https:\\\/\\\/ciac.pt\\\/en\\\/#organization\"},\"image\":{\"@id\":\"https:\\\/\\\/ciac.pt\\\/en\\\/news\\\/vania-de-sousa-gives-communication-sciences-seminar-on-strategic-communication\\\/#primaryimage\"},\"thumbnailUrl\":\"https:\\\/\\\/ciac.pt\\\/wp-content\\\/uploads\\\/2024\\\/10\\\/CC.jpg\",\"keywords\":[\"Event\"],\"articleSection\":[\"News\"],\"inLanguage\":\"en-US\"},{\"@type\":\"WebPage\",\"@id\":\"https:\\\/\\\/ciac.pt\\\/en\\\/news\\\/vania-de-sousa-gives-communication-sciences-seminar-on-strategic-communication\\\/\",\"url\":\"https:\\\/\\\/ciac.pt\\\/en\\\/news\\\/vania-de-sousa-gives-communication-sciences-seminar-on-strategic-communication\\\/\",\"name\":\"V\u00e2nia de Sousa gives Communication Sciences seminar on Strategic Communication - CIAC\",\"isPartOf\":{\"@id\":\"https:\\\/\\\/ciac.pt\\\/en\\\/#website\"},\"primaryImageOfPage\":{\"@id\":\"https:\\\/\\\/ciac.pt\\\/en\\\/news\\\/vania-de-sousa-gives-communication-sciences-seminar-on-strategic-communication\\\/#primaryimage\"},\"image\":{\"@id\":\"https:\\\/\\\/ciac.pt\\\/en\\\/news\\\/vania-de-sousa-gives-communication-sciences-seminar-on-strategic-communication\\\/#primaryimage\"},\"thumbnailUrl\":\"https:\\\/\\\/ciac.pt\\\/wp-content\\\/uploads\\\/2024\\\/10\\\/CC.jpg\",\"datePublished\":\"2024-10-24T15:38:26+00:00\",\"dateModified\":\"2024-11-15T17:00:27+00:00\",\"breadcrumb\":{\"@id\":\"https:\\\/\\\/ciac.pt\\\/en\\\/news\\\/vania-de-sousa-gives-communication-sciences-seminar-on-strategic-communication\\\/#breadcrumb\"},\"inLanguage\":\"en-US\",\"potentialAction\":[{\"@type\":\"ReadAction\",\"target\":[\"https:\\\/\\\/ciac.pt\\\/en\\\/news\\\/vania-de-sousa-gives-communication-sciences-seminar-on-strategic-communication\\\/\"]}]},{\"@type\":\"ImageObject\",\"inLanguage\":\"en-US\",\"@id\":\"https:\\\/\\\/ciac.pt\\\/en\\\/news\\\/vania-de-sousa-gives-communication-sciences-seminar-on-strategic-communication\\\/#primaryimage\",\"url\":\"https:\\\/\\\/ciac.pt\\\/wp-content\\\/uploads\\\/2024\\\/10\\\/CC.jpg\",\"contentUrl\":\"https:\\\/\\\/ciac.pt\\\/wp-content\\\/uploads\\\/2024\\\/10\\\/CC.jpg\"},{\"@type\":\"BreadcrumbList\",\"@id\":\"https:\\\/\\\/ciac.pt\\\/en\\\/news\\\/vania-de-sousa-gives-communication-sciences-seminar-on-strategic-communication\\\/#breadcrumb\",\"itemListElement\":[{\"@type\":\"ListItem\",\"position\":1,\"name\":\"In\u00edcio\",\"item\":\"https:\\\/\\\/ciac.pt\\\/en\\\/\"},{\"@type\":\"ListItem\",\"position\":2,\"name\":\"V\u00e2nia de Sousa gives Communication Sciences seminar on Strategic Communication\"}]},{\"@type\":\"WebSite\",\"@id\":\"https:\\\/\\\/ciac.pt\\\/en\\\/#website\",\"url\":\"https:\\\/\\\/ciac.pt\\\/en\\\/\",\"name\":\"CIAC\",\"description\":\"Centro de Investiga\u00e7\u00e3o em Artes e Comunica\u00e7\u00e3o\",\"publisher\":{\"@id\":\"https:\\\/\\\/ciac.pt\\\/en\\\/#organization\"},\"potentialAction\":[{\"@type\":\"SearchAction\",\"target\":{\"@type\":\"EntryPoint\",\"urlTemplate\":\"https:\\\/\\\/ciac.pt\\\/en\\\/?s={search_term_string}\"},\"query-input\":{\"@type\":\"PropertyValueSpecification\",\"valueRequired\":true,\"valueName\":\"search_term_string\"}}],\"inLanguage\":\"en-US\"},{\"@type\":\"Organization\",\"@id\":\"https:\\\/\\\/ciac.pt\\\/en\\\/#organization\",\"name\":\"CIAC\",\"url\":\"https:\\\/\\\/ciac.pt\\\/en\\\/\",\"logo\":{\"@type\":\"ImageObject\",\"inLanguage\":\"en-US\",\"@id\":\"https:\\\/\\\/ciac.pt\\\/en\\\/#\\\/schema\\\/logo\\\/image\\\/\",\"url\":\"https:\\\/\\\/ciac.pt\\\/wp-content\\\/uploads\\\/2022\\\/06\\\/logo.svg\",\"contentUrl\":\"https:\\\/\\\/ciac.pt\\\/wp-content\\\/uploads\\\/2022\\\/06\\\/logo.svg\",\"width\":184,\"height\":51,\"caption\":\"CIAC\"},\"image\":{\"@id\":\"https:\\\/\\\/ciac.pt\\\/en\\\/#\\\/schema\\\/logo\\\/image\\\/\"}},{\"@type\":\"Person\",\"@id\":\"https:\\\/\\\/ciac.pt\\\/en\\\/#\\\/schema\\\/person\\\/9c77bada9bcc70961fd0ee149ad39064\",\"name\":\"editor2\",\"image\":{\"@type\":\"ImageObject\",\"inLanguage\":\"en-US\",\"@id\":\"https:\\\/\\\/secure.gravatar.com\\\/avatar\\\/?s=96&d=mm&r=g\",\"url\":\"https:\\\/\\\/secure.gravatar.com\\\/avatar\\\/?s=96&d=mm&r=g\",\"contentUrl\":\"https:\\\/\\\/secure.gravatar.com\\\/avatar\\\/?s=96&d=mm&r=g\",\"caption\":\"editor2\"},\"url\":\"https:\\\/\\\/ciac.pt\\\/en\\\/author\\\/editor2\\\/\"}]}<\/script>\n<!-- \/ Yoast SEO plugin. -->","yoast_head_json":{"title":"V\u00e2nia de Sousa gives Communication Sciences seminar on Strategic Communication - CIAC","robots":{"index":"index","follow":"follow","max-snippet":"max-snippet:-1","max-image-preview":"max-image-preview:large","max-video-preview":"max-video-preview:-1"},"canonical":"https:\/\/ciac.pt\/en\/news\/vania-de-sousa-gives-communication-sciences-seminar-on-strategic-communication\/","og_locale":"en_US","og_type":"article","og_title":"V\u00e2nia de Sousa gives Communication Sciences seminar on Strategic Communication - CIAC","og_description":"The next\u00a0Communication Sciences Seminar,\u00a0with the theme &#8220;Strategic brand communication: presence and relevance","og_url":"https:\/\/ciac.pt\/en\/news\/vania-de-sousa-gives-communication-sciences-seminar-on-strategic-communication\/","og_site_name":"CIAC","article_published_time":"2024-10-24T15:38:26+00:00","article_modified_time":"2024-11-15T17:00:27+00:00","og_image":[{"url":"https:\/\/ciac.pt\/wp-content\/uploads\/2024\/10\/CC.jpg","width":1,"height":1,"type":"image\/jpeg"}],"author":"editor2","twitter_card":"summary_large_image","twitter_misc":{"Written by":"editor2","Est. reading time":"1 minute"},"schema":{"@context":"https:\/\/schema.org","@graph":[{"@type":"Article","@id":"https:\/\/ciac.pt\/en\/news\/vania-de-sousa-gives-communication-sciences-seminar-on-strategic-communication\/#article","isPartOf":{"@id":"https:\/\/ciac.pt\/en\/news\/vania-de-sousa-gives-communication-sciences-seminar-on-strategic-communication\/"},"author":{"name":"editor2","@id":"https:\/\/ciac.pt\/en\/#\/schema\/person\/9c77bada9bcc70961fd0ee149ad39064"},"headline":"V\u00e2nia de Sousa gives Communication Sciences seminar on Strategic Communication","datePublished":"2024-10-24T15:38:26+00:00","dateModified":"2024-11-15T17:00:27+00:00","mainEntityOfPage":{"@id":"https:\/\/ciac.pt\/en\/news\/vania-de-sousa-gives-communication-sciences-seminar-on-strategic-communication\/"},"wordCount":228,"publisher":{"@id":"https:\/\/ciac.pt\/en\/#organization"},"image":{"@id":"https:\/\/ciac.pt\/en\/news\/vania-de-sousa-gives-communication-sciences-seminar-on-strategic-communication\/#primaryimage"},"thumbnailUrl":"https:\/\/ciac.pt\/wp-content\/uploads\/2024\/10\/CC.jpg","keywords":["Event"],"articleSection":["News"],"inLanguage":"en-US"},{"@type":"WebPage","@id":"https:\/\/ciac.pt\/en\/news\/vania-de-sousa-gives-communication-sciences-seminar-on-strategic-communication\/","url":"https:\/\/ciac.pt\/en\/news\/vania-de-sousa-gives-communication-sciences-seminar-on-strategic-communication\/","name":"V\u00e2nia de Sousa gives Communication Sciences seminar on Strategic Communication - CIAC","isPartOf":{"@id":"https:\/\/ciac.pt\/en\/#website"},"primaryImageOfPage":{"@id":"https:\/\/ciac.pt\/en\/news\/vania-de-sousa-gives-communication-sciences-seminar-on-strategic-communication\/#primaryimage"},"image":{"@id":"https:\/\/ciac.pt\/en\/news\/vania-de-sousa-gives-communication-sciences-seminar-on-strategic-communication\/#primaryimage"},"thumbnailUrl":"https:\/\/ciac.pt\/wp-content\/uploads\/2024\/10\/CC.jpg","datePublished":"2024-10-24T15:38:26+00:00","dateModified":"2024-11-15T17:00:27+00:00","breadcrumb":{"@id":"https:\/\/ciac.pt\/en\/news\/vania-de-sousa-gives-communication-sciences-seminar-on-strategic-communication\/#breadcrumb"},"inLanguage":"en-US","potentialAction":[{"@type":"ReadAction","target":["https:\/\/ciac.pt\/en\/news\/vania-de-sousa-gives-communication-sciences-seminar-on-strategic-communication\/"]}]},{"@type":"ImageObject","inLanguage":"en-US","@id":"https:\/\/ciac.pt\/en\/news\/vania-de-sousa-gives-communication-sciences-seminar-on-strategic-communication\/#primaryimage","url":"https:\/\/ciac.pt\/wp-content\/uploads\/2024\/10\/CC.jpg","contentUrl":"https:\/\/ciac.pt\/wp-content\/uploads\/2024\/10\/CC.jpg"},{"@type":"BreadcrumbList","@id":"https:\/\/ciac.pt\/en\/news\/vania-de-sousa-gives-communication-sciences-seminar-on-strategic-communication\/#breadcrumb","itemListElement":[{"@type":"ListItem","position":1,"name":"In\u00edcio","item":"https:\/\/ciac.pt\/en\/"},{"@type":"ListItem","position":2,"name":"V\u00e2nia de Sousa gives Communication Sciences seminar on Strategic Communication"}]},{"@type":"WebSite","@id":"https:\/\/ciac.pt\/en\/#website","url":"https:\/\/ciac.pt\/en\/","name":"CIAC","description":"Centro de Investiga\u00e7\u00e3o em Artes e Comunica\u00e7\u00e3o","publisher":{"@id":"https:\/\/ciac.pt\/en\/#organization"},"potentialAction":[{"@type":"SearchAction","target":{"@type":"EntryPoint","urlTemplate":"https:\/\/ciac.pt\/en\/?s={search_term_string}"},"query-input":{"@type":"PropertyValueSpecification","valueRequired":true,"valueName":"search_term_string"}}],"inLanguage":"en-US"},{"@type":"Organization","@id":"https:\/\/ciac.pt\/en\/#organization","name":"CIAC","url":"https:\/\/ciac.pt\/en\/","logo":{"@type":"ImageObject","inLanguage":"en-US","@id":"https:\/\/ciac.pt\/en\/#\/schema\/logo\/image\/","url":"https:\/\/ciac.pt\/wp-content\/uploads\/2022\/06\/logo.svg","contentUrl":"https:\/\/ciac.pt\/wp-content\/uploads\/2022\/06\/logo.svg","width":184,"height":51,"caption":"CIAC"},"image":{"@id":"https:\/\/ciac.pt\/en\/#\/schema\/logo\/image\/"}},{"@type":"Person","@id":"https:\/\/ciac.pt\/en\/#\/schema\/person\/9c77bada9bcc70961fd0ee149ad39064","name":"editor2","image":{"@type":"ImageObject","inLanguage":"en-US","@id":"https:\/\/secure.gravatar.com\/avatar\/?s=96&d=mm&r=g","url":"https:\/\/secure.gravatar.com\/avatar\/?s=96&d=mm&r=g","contentUrl":"https:\/\/secure.gravatar.com\/avatar\/?s=96&d=mm&r=g","caption":"editor2"},"url":"https:\/\/ciac.pt\/en\/author\/editor2\/"}]}},"author_meta":{"display_name":"editor2","author_link":"https:\/\/ciac.pt\/en\/author\/editor2\/"},"featured_img":"https:\/\/ciac.pt\/wp-content\/uploads\/2024\/10\/CC.jpg","coauthors":[],"tax_additional":{"categories":{"linked":["<a href=\"https:\/\/ciac.pt\/en\/.\/news\/\" class=\"advgb-post-tax-term\">News<\/a>"],"unlinked":["<span class=\"advgb-post-tax-term\">News<\/span>"]},"tags":{"linked":["<a href=\"https:\/\/ciac.pt\/en\/.\/news\/\" class=\"advgb-post-tax-term\">Event<\/a>"],"unlinked":["<span class=\"advgb-post-tax-term\">Event<\/span>"]}},"comment_count":0,"relative_dates":{"created":"Posted 2 years ago","modified":"Updated 1 year ago"},"absolute_dates":{"created":"Posted on 24\/10\/2024","modified":"Updated on 15\/11\/2024"},"absolute_dates_time":{"created":"Posted on 24\/10\/2024 16:38","modified":"Updated on 15\/11\/2024 17:00"},"featured_img_caption":"","series_order":"","_links":{"self":[{"href":"https:\/\/ciac.pt\/en\/wp-json\/wp\/v2\/posts\/9872","targetHints":{"allow":["GET"]}}],"collection":[{"href":"https:\/\/ciac.pt\/en\/wp-json\/wp\/v2\/posts"}],"about":[{"href":"https:\/\/ciac.pt\/en\/wp-json\/wp\/v2\/types\/post"}],"author":[{"embeddable":true,"href":"https:\/\/ciac.pt\/en\/wp-json\/wp\/v2\/users\/4"}],"replies":[{"embeddable":true,"href":"https:\/\/ciac.pt\/en\/wp-json\/wp\/v2\/comments?post=9872"}],"version-history":[{"count":3,"href":"https:\/\/ciac.pt\/en\/wp-json\/wp\/v2\/posts\/9872\/revisions"}],"predecessor-version":[{"id":10056,"href":"https:\/\/ciac.pt\/en\/wp-json\/wp\/v2\/posts\/9872\/revisions\/10056"}],"wp:featuredmedia":[{"embeddable":true,"href":"https:\/\/ciac.pt\/en\/wp-json\/wp\/v2\/media\/9654"}],"wp:attachment":[{"href":"https:\/\/ciac.pt\/en\/wp-json\/wp\/v2\/media?parent=9872"}],"wp:term":[{"taxonomy":"category","embeddable":true,"href":"https:\/\/ciac.pt\/en\/wp-json\/wp\/v2\/categories?post=9872"},{"taxonomy":"post_tag","embeddable":true,"href":"https:\/\/ciac.pt\/en\/wp-json\/wp\/v2\/tags?post=9872"}],"curies":[{"name":"wp","href":"https:\/\/api.w.org\/{rel}","templated":true}]}}