{"id":9893,"date":"2024-11-05T14:46:00","date_gmt":"2024-11-05T14:46:00","guid":{"rendered":"https:\/\/ciac.pt\/?p=9893"},"modified":"2024-12-06T15:56:17","modified_gmt":"2024-12-06T15:56:17","slug":"armando-nascimento-rosa-participates-in-the-conference-the-action-of-censorship-in-cinema-and-the-performing-arts","status":"publish","type":"post","link":"https:\/\/ciac.pt\/en\/news\/armando-nascimento-rosa-participates-in-the-conference-the-action-of-censorship-in-cinema-and-the-performing-arts\/","title":{"rendered":"Armando Nascimento Rosa participates in the conference &#8220;The action of censorship in cinema and the performing arts&#8221;"},"content":{"rendered":"\n<div class=\"wp-block-group alignwide\"><div class=\"wp-block-group__inner-container is-layout-constrained wp-block-group-is-layout-constrained\">\n\n\n\n\n<figure class=\"wp-block-image size-full is-resized\"><a href=\"https:\/\/ciac.pt\/wp-content\/uploads\/2024\/11\/Cartaz-Conferencia-Guarda-Armando-Nascimento-Rosa.jpg\"><img decoding=\"async\" data-src=\"https:\/\/ciac.pt\/wp-content\/uploads\/2024\/11\/Cartaz-Conferencia-Guarda-Armando-Nascimento-Rosa.jpg\" alt=\"\" class=\"wp-image-9791 lazyload\" style=\"--smush-placeholder-width: 1448px; --smush-placeholder-aspect-ratio: 1448\/2048;width:auto;height:300px\" src=\"data:image\/svg+xml;base64,PHN2ZyB3aWR0aD0iMSIgaGVpZ2h0PSIxIiB4bWxucz0iaHR0cDovL3d3dy53My5vcmcvMjAwMC9zdmciPjwvc3ZnPg==\" \/><\/a><\/figure>\n\n\n<h1 class=\"wp-block-post-title\">Armando Nascimento Rosa participates in the conference &#8220;The action of censorship in cinema and the performing arts&#8221;<\/h1>\n\n<div class=\"wp-block-post-date has-text-color has-cyan-bluish-gray-color\"><time datetime=\"2024-11-05T14:46:00+00:00\">05\/11\/2024<\/time><\/div>\n\n\n<hr class=\"wp-block-separator has-text-color has-white-color has-alpha-channel-opacity has-white-background-color has-background\"\/>\n\n\n\n<p>Armando Nascimento Rosa, a researcher at CIAC, is the guest speaker on the subject of censorship in theatre creation during the Estado Novo\u00a0in\u00a0the conference<em><strong>\u00a0The Action of Censorship in Cinema and the Performing Arts<\/strong><\/em>. The initiative also includes two other guest speakers, Cristina Lopes and Hugo Castro, and will be moderated by Cristina Fernandes.<\/p>\n\n\n\n<p>During the Estado Novo, censorship was always very active in all cultural areas and will be the main topic of conversation at this conference, which takes place as part of the cycle on censorship in Portugal, in literature, art and the press, this time dedicated to censorship in cinema and the performing arts.<\/p>\n\n\n\n<p>Armando Nascimento Rosa has a PhD in Portuguese Studies \u2014 20th Century Dramatic Literature (2001), a master&#8217;s degree in Comparative Literary Studies (1994) and has been teaching at the School of Theatre and Communication since 1998. He holds the title of Specialist in Theatre [Dramaturgy] from the IPL, obtained in 2023. He began his professional career as a playwright in 1990 at the Teatro da Polit\u00e9cnica, and has been a researcher and member of CIAC since its creation in 2007. Furthermore, he has published two and a half dozen books of original dramaturgy and essays, including critical bibliographies on Samuel Beckett, Ant\u00f3nio Patr\u00edcio, Fernando Pessoa, and Nat\u00e1lia Correia, an author whose complete dramatic work he published in 2023, at INCM.<\/p>\n\n\n\n<p>The initiative will take place at the Eduardo Louren\u00e7o Municipal Library, in Guarda, on November 8th, 2024, at 6 pm. The event is organised by the Calafrio Cultural Association, as part of the celebrations for the 50th anniversary of the April Revolution.<\/p>\n\n\n\n<p>More information (<a href=\"https:\/\/www.facebook.com\/photo\/?fbid=892933092943337&amp;set=a.519833696919947&amp;locale=pt_PT\">here<\/a>).<\/p>\n\n\n\n<hr class=\"wp-block-separator alignwide has-alpha-channel-opacity is-style-wide separador-mais-info\"\/>\n\n\n<\/div><\/div>\n","protected":false},"excerpt":{"rendered":"<p>Armando Nascimento Rosa, a researcher at CIAC, is the guest speaker on<\/p>\n","protected":false},"author":4,"featured_media":9790,"comment_status":"closed","ping_status":"closed","sticky":false,"template":"","format":"standard","meta":{"_eb_attr":"","inline_featured_image":false,"advgb_blocks_editor_width":"","advgb_blocks_columns_visual_guide":"","footnotes":"","_links_to":"","_links_to_target":""},"categories":[61],"tags":[139],"class_list":["post-9893","post","type-post","status-publish","format-standard","has-post-thumbnail","hentry","category-news","tag-dissemination"],"yoast_head":"<!-- This site is optimized with the Yoast SEO plugin v27.4 - https:\/\/yoast.com\/product\/yoast-seo-wordpress\/ -->\n<title>Armando Nascimento Rosa participates in the conference &quot;The action of censorship in cinema and the performing arts&quot; - CIAC<\/title>\n<meta name=\"robots\" content=\"index, follow, max-snippet:-1, max-image-preview:large, max-video-preview:-1\" \/>\n<link rel=\"canonical\" href=\"https:\/\/ciac.pt\/en\/news\/armando-nascimento-rosa-participates-in-the-conference-the-action-of-censorship-in-cinema-and-the-performing-arts\/\" \/>\n<meta property=\"og:locale\" content=\"en_US\" \/>\n<meta property=\"og:type\" content=\"article\" \/>\n<meta property=\"og:title\" content=\"Armando Nascimento Rosa participates in the conference &quot;The action of censorship in cinema and the performing arts&quot; - CIAC\" \/>\n<meta property=\"og:description\" content=\"Armando Nascimento Rosa, a researcher at CIAC, is the guest speaker on\" \/>\n<meta property=\"og:url\" content=\"https:\/\/ciac.pt\/en\/news\/armando-nascimento-rosa-participates-in-the-conference-the-action-of-censorship-in-cinema-and-the-performing-arts\/\" \/>\n<meta property=\"og:site_name\" content=\"CIAC\" \/>\n<meta property=\"article:published_time\" content=\"2024-11-05T14:46:00+00:00\" \/>\n<meta property=\"article:modified_time\" content=\"2024-12-06T15:56:17+00:00\" \/>\n<meta property=\"og:image\" content=\"https:\/\/ciac.pt\/wp-content\/uploads\/2024\/11\/conferencia_armando-nascimento.jpg\" \/>\n\t<meta property=\"og:image:width\" content=\"1\" \/>\n\t<meta property=\"og:image:height\" content=\"1\" \/>\n\t<meta property=\"og:image:type\" content=\"image\/jpeg\" \/>\n<meta name=\"author\" content=\"editor2\" \/>\n<meta name=\"twitter:card\" content=\"summary_large_image\" \/>\n<meta name=\"twitter:label1\" content=\"Written by\" \/>\n\t<meta name=\"twitter:data1\" content=\"editor2\" \/>\n\t<meta name=\"twitter:label2\" content=\"Est. reading time\" \/>\n\t<meta name=\"twitter:data2\" content=\"1 minute\" \/>\n<script type=\"application\/ld+json\" class=\"yoast-schema-graph\">{\"@context\":\"https:\\\/\\\/schema.org\",\"@graph\":[{\"@type\":\"Article\",\"@id\":\"https:\\\/\\\/ciac.pt\\\/en\\\/news\\\/armando-nascimento-rosa-participates-in-the-conference-the-action-of-censorship-in-cinema-and-the-performing-arts\\\/#article\",\"isPartOf\":{\"@id\":\"https:\\\/\\\/ciac.pt\\\/en\\\/news\\\/armando-nascimento-rosa-participates-in-the-conference-the-action-of-censorship-in-cinema-and-the-performing-arts\\\/\"},\"author\":{\"name\":\"editor2\",\"@id\":\"https:\\\/\\\/ciac.pt\\\/en\\\/#\\\/schema\\\/person\\\/9c77bada9bcc70961fd0ee149ad39064\"},\"headline\":\"Armando Nascimento Rosa participates in the conference &#8220;The action of censorship in cinema and the performing arts&#8221;\",\"datePublished\":\"2024-11-05T14:46:00+00:00\",\"dateModified\":\"2024-12-06T15:56:17+00:00\",\"mainEntityOfPage\":{\"@id\":\"https:\\\/\\\/ciac.pt\\\/en\\\/news\\\/armando-nascimento-rosa-participates-in-the-conference-the-action-of-censorship-in-cinema-and-the-performing-arts\\\/\"},\"wordCount\":289,\"publisher\":{\"@id\":\"https:\\\/\\\/ciac.pt\\\/en\\\/#organization\"},\"image\":{\"@id\":\"https:\\\/\\\/ciac.pt\\\/en\\\/news\\\/armando-nascimento-rosa-participates-in-the-conference-the-action-of-censorship-in-cinema-and-the-performing-arts\\\/#primaryimage\"},\"thumbnailUrl\":\"https:\\\/\\\/ciac.pt\\\/wp-content\\\/uploads\\\/2024\\\/11\\\/conferencia_armando-nascimento.jpg\",\"keywords\":[\"Dissemination\"],\"articleSection\":[\"News\"],\"inLanguage\":\"en-US\"},{\"@type\":\"WebPage\",\"@id\":\"https:\\\/\\\/ciac.pt\\\/en\\\/news\\\/armando-nascimento-rosa-participates-in-the-conference-the-action-of-censorship-in-cinema-and-the-performing-arts\\\/\",\"url\":\"https:\\\/\\\/ciac.pt\\\/en\\\/news\\\/armando-nascimento-rosa-participates-in-the-conference-the-action-of-censorship-in-cinema-and-the-performing-arts\\\/\",\"name\":\"Armando Nascimento Rosa participates in the conference \\\"The action of censorship in cinema and the performing arts\\\" - CIAC\",\"isPartOf\":{\"@id\":\"https:\\\/\\\/ciac.pt\\\/en\\\/#website\"},\"primaryImageOfPage\":{\"@id\":\"https:\\\/\\\/ciac.pt\\\/en\\\/news\\\/armando-nascimento-rosa-participates-in-the-conference-the-action-of-censorship-in-cinema-and-the-performing-arts\\\/#primaryimage\"},\"image\":{\"@id\":\"https:\\\/\\\/ciac.pt\\\/en\\\/news\\\/armando-nascimento-rosa-participates-in-the-conference-the-action-of-censorship-in-cinema-and-the-performing-arts\\\/#primaryimage\"},\"thumbnailUrl\":\"https:\\\/\\\/ciac.pt\\\/wp-content\\\/uploads\\\/2024\\\/11\\\/conferencia_armando-nascimento.jpg\",\"datePublished\":\"2024-11-05T14:46:00+00:00\",\"dateModified\":\"2024-12-06T15:56:17+00:00\",\"breadcrumb\":{\"@id\":\"https:\\\/\\\/ciac.pt\\\/en\\\/news\\\/armando-nascimento-rosa-participates-in-the-conference-the-action-of-censorship-in-cinema-and-the-performing-arts\\\/#breadcrumb\"},\"inLanguage\":\"en-US\",\"potentialAction\":[{\"@type\":\"ReadAction\",\"target\":[\"https:\\\/\\\/ciac.pt\\\/en\\\/news\\\/armando-nascimento-rosa-participates-in-the-conference-the-action-of-censorship-in-cinema-and-the-performing-arts\\\/\"]}]},{\"@type\":\"ImageObject\",\"inLanguage\":\"en-US\",\"@id\":\"https:\\\/\\\/ciac.pt\\\/en\\\/news\\\/armando-nascimento-rosa-participates-in-the-conference-the-action-of-censorship-in-cinema-and-the-performing-arts\\\/#primaryimage\",\"url\":\"https:\\\/\\\/ciac.pt\\\/wp-content\\\/uploads\\\/2024\\\/11\\\/conferencia_armando-nascimento.jpg\",\"contentUrl\":\"https:\\\/\\\/ciac.pt\\\/wp-content\\\/uploads\\\/2024\\\/11\\\/conferencia_armando-nascimento.jpg\"},{\"@type\":\"BreadcrumbList\",\"@id\":\"https:\\\/\\\/ciac.pt\\\/en\\\/news\\\/armando-nascimento-rosa-participates-in-the-conference-the-action-of-censorship-in-cinema-and-the-performing-arts\\\/#breadcrumb\",\"itemListElement\":[{\"@type\":\"ListItem\",\"position\":1,\"name\":\"In\u00edcio\",\"item\":\"https:\\\/\\\/ciac.pt\\\/en\\\/\"},{\"@type\":\"ListItem\",\"position\":2,\"name\":\"Armando Nascimento Rosa participates in the conference &#8220;The action of censorship in cinema and the performing arts&#8221;\"}]},{\"@type\":\"WebSite\",\"@id\":\"https:\\\/\\\/ciac.pt\\\/en\\\/#website\",\"url\":\"https:\\\/\\\/ciac.pt\\\/en\\\/\",\"name\":\"CIAC\",\"description\":\"Centro de Investiga\u00e7\u00e3o em Artes e Comunica\u00e7\u00e3o\",\"publisher\":{\"@id\":\"https:\\\/\\\/ciac.pt\\\/en\\\/#organization\"},\"potentialAction\":[{\"@type\":\"SearchAction\",\"target\":{\"@type\":\"EntryPoint\",\"urlTemplate\":\"https:\\\/\\\/ciac.pt\\\/en\\\/?s={search_term_string}\"},\"query-input\":{\"@type\":\"PropertyValueSpecification\",\"valueRequired\":true,\"valueName\":\"search_term_string\"}}],\"inLanguage\":\"en-US\"},{\"@type\":\"Organization\",\"@id\":\"https:\\\/\\\/ciac.pt\\\/en\\\/#organization\",\"name\":\"CIAC\",\"url\":\"https:\\\/\\\/ciac.pt\\\/en\\\/\",\"logo\":{\"@type\":\"ImageObject\",\"inLanguage\":\"en-US\",\"@id\":\"https:\\\/\\\/ciac.pt\\\/en\\\/#\\\/schema\\\/logo\\\/image\\\/\",\"url\":\"https:\\\/\\\/ciac.pt\\\/wp-content\\\/uploads\\\/2022\\\/06\\\/logo.svg\",\"contentUrl\":\"https:\\\/\\\/ciac.pt\\\/wp-content\\\/uploads\\\/2022\\\/06\\\/logo.svg\",\"width\":184,\"height\":51,\"caption\":\"CIAC\"},\"image\":{\"@id\":\"https:\\\/\\\/ciac.pt\\\/en\\\/#\\\/schema\\\/logo\\\/image\\\/\"}},{\"@type\":\"Person\",\"@id\":\"https:\\\/\\\/ciac.pt\\\/en\\\/#\\\/schema\\\/person\\\/9c77bada9bcc70961fd0ee149ad39064\",\"name\":\"editor2\",\"image\":{\"@type\":\"ImageObject\",\"inLanguage\":\"en-US\",\"@id\":\"https:\\\/\\\/secure.gravatar.com\\\/avatar\\\/?s=96&d=mm&r=g\",\"url\":\"https:\\\/\\\/secure.gravatar.com\\\/avatar\\\/?s=96&d=mm&r=g\",\"contentUrl\":\"https:\\\/\\\/secure.gravatar.com\\\/avatar\\\/?s=96&d=mm&r=g\",\"caption\":\"editor2\"},\"url\":\"https:\\\/\\\/ciac.pt\\\/en\\\/author\\\/editor2\\\/\"}]}<\/script>\n<!-- \/ Yoast SEO plugin. -->","yoast_head_json":{"title":"Armando Nascimento Rosa participates in the conference \"The action of censorship in cinema and the performing arts\" - CIAC","robots":{"index":"index","follow":"follow","max-snippet":"max-snippet:-1","max-image-preview":"max-image-preview:large","max-video-preview":"max-video-preview:-1"},"canonical":"https:\/\/ciac.pt\/en\/news\/armando-nascimento-rosa-participates-in-the-conference-the-action-of-censorship-in-cinema-and-the-performing-arts\/","og_locale":"en_US","og_type":"article","og_title":"Armando Nascimento Rosa participates in the conference \"The action of censorship in cinema and the performing arts\" - CIAC","og_description":"Armando Nascimento Rosa, a researcher at CIAC, is the guest speaker on","og_url":"https:\/\/ciac.pt\/en\/news\/armando-nascimento-rosa-participates-in-the-conference-the-action-of-censorship-in-cinema-and-the-performing-arts\/","og_site_name":"CIAC","article_published_time":"2024-11-05T14:46:00+00:00","article_modified_time":"2024-12-06T15:56:17+00:00","og_image":[{"url":"https:\/\/ciac.pt\/wp-content\/uploads\/2024\/11\/conferencia_armando-nascimento.jpg","width":1,"height":1,"type":"image\/jpeg"}],"author":"editor2","twitter_card":"summary_large_image","twitter_misc":{"Written by":"editor2","Est. reading time":"1 minute"},"schema":{"@context":"https:\/\/schema.org","@graph":[{"@type":"Article","@id":"https:\/\/ciac.pt\/en\/news\/armando-nascimento-rosa-participates-in-the-conference-the-action-of-censorship-in-cinema-and-the-performing-arts\/#article","isPartOf":{"@id":"https:\/\/ciac.pt\/en\/news\/armando-nascimento-rosa-participates-in-the-conference-the-action-of-censorship-in-cinema-and-the-performing-arts\/"},"author":{"name":"editor2","@id":"https:\/\/ciac.pt\/en\/#\/schema\/person\/9c77bada9bcc70961fd0ee149ad39064"},"headline":"Armando Nascimento Rosa participates in the conference &#8220;The action of censorship in cinema and the performing arts&#8221;","datePublished":"2024-11-05T14:46:00+00:00","dateModified":"2024-12-06T15:56:17+00:00","mainEntityOfPage":{"@id":"https:\/\/ciac.pt\/en\/news\/armando-nascimento-rosa-participates-in-the-conference-the-action-of-censorship-in-cinema-and-the-performing-arts\/"},"wordCount":289,"publisher":{"@id":"https:\/\/ciac.pt\/en\/#organization"},"image":{"@id":"https:\/\/ciac.pt\/en\/news\/armando-nascimento-rosa-participates-in-the-conference-the-action-of-censorship-in-cinema-and-the-performing-arts\/#primaryimage"},"thumbnailUrl":"https:\/\/ciac.pt\/wp-content\/uploads\/2024\/11\/conferencia_armando-nascimento.jpg","keywords":["Dissemination"],"articleSection":["News"],"inLanguage":"en-US"},{"@type":"WebPage","@id":"https:\/\/ciac.pt\/en\/news\/armando-nascimento-rosa-participates-in-the-conference-the-action-of-censorship-in-cinema-and-the-performing-arts\/","url":"https:\/\/ciac.pt\/en\/news\/armando-nascimento-rosa-participates-in-the-conference-the-action-of-censorship-in-cinema-and-the-performing-arts\/","name":"Armando Nascimento Rosa participates in the conference \"The action of censorship in cinema and the performing arts\" - CIAC","isPartOf":{"@id":"https:\/\/ciac.pt\/en\/#website"},"primaryImageOfPage":{"@id":"https:\/\/ciac.pt\/en\/news\/armando-nascimento-rosa-participates-in-the-conference-the-action-of-censorship-in-cinema-and-the-performing-arts\/#primaryimage"},"image":{"@id":"https:\/\/ciac.pt\/en\/news\/armando-nascimento-rosa-participates-in-the-conference-the-action-of-censorship-in-cinema-and-the-performing-arts\/#primaryimage"},"thumbnailUrl":"https:\/\/ciac.pt\/wp-content\/uploads\/2024\/11\/conferencia_armando-nascimento.jpg","datePublished":"2024-11-05T14:46:00+00:00","dateModified":"2024-12-06T15:56:17+00:00","breadcrumb":{"@id":"https:\/\/ciac.pt\/en\/news\/armando-nascimento-rosa-participates-in-the-conference-the-action-of-censorship-in-cinema-and-the-performing-arts\/#breadcrumb"},"inLanguage":"en-US","potentialAction":[{"@type":"ReadAction","target":["https:\/\/ciac.pt\/en\/news\/armando-nascimento-rosa-participates-in-the-conference-the-action-of-censorship-in-cinema-and-the-performing-arts\/"]}]},{"@type":"ImageObject","inLanguage":"en-US","@id":"https:\/\/ciac.pt\/en\/news\/armando-nascimento-rosa-participates-in-the-conference-the-action-of-censorship-in-cinema-and-the-performing-arts\/#primaryimage","url":"https:\/\/ciac.pt\/wp-content\/uploads\/2024\/11\/conferencia_armando-nascimento.jpg","contentUrl":"https:\/\/ciac.pt\/wp-content\/uploads\/2024\/11\/conferencia_armando-nascimento.jpg"},{"@type":"BreadcrumbList","@id":"https:\/\/ciac.pt\/en\/news\/armando-nascimento-rosa-participates-in-the-conference-the-action-of-censorship-in-cinema-and-the-performing-arts\/#breadcrumb","itemListElement":[{"@type":"ListItem","position":1,"name":"In\u00edcio","item":"https:\/\/ciac.pt\/en\/"},{"@type":"ListItem","position":2,"name":"Armando Nascimento Rosa participates in the conference &#8220;The action of censorship in cinema and the performing arts&#8221;"}]},{"@type":"WebSite","@id":"https:\/\/ciac.pt\/en\/#website","url":"https:\/\/ciac.pt\/en\/","name":"CIAC","description":"Centro de Investiga\u00e7\u00e3o em Artes e Comunica\u00e7\u00e3o","publisher":{"@id":"https:\/\/ciac.pt\/en\/#organization"},"potentialAction":[{"@type":"SearchAction","target":{"@type":"EntryPoint","urlTemplate":"https:\/\/ciac.pt\/en\/?s={search_term_string}"},"query-input":{"@type":"PropertyValueSpecification","valueRequired":true,"valueName":"search_term_string"}}],"inLanguage":"en-US"},{"@type":"Organization","@id":"https:\/\/ciac.pt\/en\/#organization","name":"CIAC","url":"https:\/\/ciac.pt\/en\/","logo":{"@type":"ImageObject","inLanguage":"en-US","@id":"https:\/\/ciac.pt\/en\/#\/schema\/logo\/image\/","url":"https:\/\/ciac.pt\/wp-content\/uploads\/2022\/06\/logo.svg","contentUrl":"https:\/\/ciac.pt\/wp-content\/uploads\/2022\/06\/logo.svg","width":184,"height":51,"caption":"CIAC"},"image":{"@id":"https:\/\/ciac.pt\/en\/#\/schema\/logo\/image\/"}},{"@type":"Person","@id":"https:\/\/ciac.pt\/en\/#\/schema\/person\/9c77bada9bcc70961fd0ee149ad39064","name":"editor2","image":{"@type":"ImageObject","inLanguage":"en-US","@id":"https:\/\/secure.gravatar.com\/avatar\/?s=96&d=mm&r=g","url":"https:\/\/secure.gravatar.com\/avatar\/?s=96&d=mm&r=g","contentUrl":"https:\/\/secure.gravatar.com\/avatar\/?s=96&d=mm&r=g","caption":"editor2"},"url":"https:\/\/ciac.pt\/en\/author\/editor2\/"}]}},"author_meta":{"display_name":"editor2","author_link":"https:\/\/ciac.pt\/en\/author\/editor2\/"},"featured_img":"https:\/\/ciac.pt\/wp-content\/uploads\/2024\/11\/conferencia_armando-nascimento.jpg","coauthors":[],"tax_additional":{"categories":{"linked":["<a href=\"https:\/\/ciac.pt\/en\/.\/news\/\" class=\"advgb-post-tax-term\">News<\/a>"],"unlinked":["<span class=\"advgb-post-tax-term\">News<\/span>"]},"tags":{"linked":["<a href=\"https:\/\/ciac.pt\/en\/.\/news\/\" class=\"advgb-post-tax-term\">Dissemination<\/a>"],"unlinked":["<span class=\"advgb-post-tax-term\">Dissemination<\/span>"]}},"comment_count":0,"relative_dates":{"created":"Posted 1 year ago","modified":"Updated 1 year ago"},"absolute_dates":{"created":"Posted on 05\/11\/2024","modified":"Updated on 06\/12\/2024"},"absolute_dates_time":{"created":"Posted on 05\/11\/2024 14:46","modified":"Updated on 06\/12\/2024 15:56"},"featured_img_caption":"","series_order":"","_links":{"self":[{"href":"https:\/\/ciac.pt\/en\/wp-json\/wp\/v2\/posts\/9893","targetHints":{"allow":["GET"]}}],"collection":[{"href":"https:\/\/ciac.pt\/en\/wp-json\/wp\/v2\/posts"}],"about":[{"href":"https:\/\/ciac.pt\/en\/wp-json\/wp\/v2\/types\/post"}],"author":[{"embeddable":true,"href":"https:\/\/ciac.pt\/en\/wp-json\/wp\/v2\/users\/4"}],"replies":[{"embeddable":true,"href":"https:\/\/ciac.pt\/en\/wp-json\/wp\/v2\/comments?post=9893"}],"version-history":[{"count":5,"href":"https:\/\/ciac.pt\/en\/wp-json\/wp\/v2\/posts\/9893\/revisions"}],"predecessor-version":[{"id":10308,"href":"https:\/\/ciac.pt\/en\/wp-json\/wp\/v2\/posts\/9893\/revisions\/10308"}],"wp:featuredmedia":[{"embeddable":true,"href":"https:\/\/ciac.pt\/en\/wp-json\/wp\/v2\/media\/9790"}],"wp:attachment":[{"href":"https:\/\/ciac.pt\/en\/wp-json\/wp\/v2\/media?parent=9893"}],"wp:term":[{"taxonomy":"category","embeddable":true,"href":"https:\/\/ciac.pt\/en\/wp-json\/wp\/v2\/categories?post=9893"},{"taxonomy":"post_tag","embeddable":true,"href":"https:\/\/ciac.pt\/en\/wp-json\/wp\/v2\/tags?post=9893"}],"curies":[{"name":"wp","href":"https:\/\/api.w.org\/{rel}","templated":true}]}}